{"id":6287,"date":"2022-04-25T16:48:16","date_gmt":"2022-04-25T14:48:16","guid":{"rendered":"https:\/\/agora.xtec.cat\/iesdecelra\/?p=6287"},"modified":"2022-04-25T08:53:26","modified_gmt":"2022-04-25T06:53:26","slug":"anem-al-teatre-a-barcelona","status":"publish","type":"post","link":"https:\/\/agora.xtec.cat\/iesdecelra\/cursos\/batxillerat\/anem-al-teatre-a-barcelona\/","title":{"rendered":"ANEM AL TEATRE A BARCELONA"},"content":{"rendered":"<p style=\"font-weight: 400; text-align: justify;\">Els alumnes de batxillerat van comen\u00e7ar a celebrar Sant Jordi el dia 22 d&#8217;abril a la sortida volunt\u00e0ria que es fa anualment al teatre a Barcelona i que organitza el departament de Castell\u00e0. Aquest any van anar al Teatre Nacional de Catalunya a veure\u00a0<em><strong>Macbett<\/strong><\/em>, la versi\u00f3 que el roman\u00e8s Eug\u00e8ne Ionesco va fer de la trag\u00e8dia shakespeareana. L&#8217;obra ha estat dirigida per Ramon Sim\u00f3 i entre l&#8217;elenc actoral destaquen Anna Alarcon, Laia Alsina, Pep Ambr\u00f3s, David Anguera, David Bag\u00e9s, Pepo Blasco, Joan Carreras, Josep Julien i Xavi Ricart<strong>.\u00a0<\/strong><\/p>\n<p style=\"text-align: justify;\">Com es diu en el programa de m\u00e0, &#8220;el\u00a0<em>Macbett<\/em>\u00a0de Ionesco converteix el\u00a0<em>Macbeth<\/em> en un relat c\u00f2mic d\u2019ambici\u00f3, corrupci\u00f3, covardia i exc\u00e9s, tot creant una farsa tr\u00e0gica que porta la follia humana als seus extrems m\u00e9s salvatges.Es confirmen els innegables impulsos destructors d\u2019una humanitat que es mou per l\u2019enveja, la gelosia i la convicci\u00f3 que nom\u00e9s qui t\u00e9 el poder pot arribar a ser lliure.\u00a0En un text brillant\u00a0de ritme trepidant i farcit de sorpreses ens adverteix que el totalitarisme sempre est\u00e0 a punt per tornar si no es vigila de prop aquells que exerceixen el poder&#8221;.<\/p>\n<table style=\"border-collapse: collapse; width: 100%;\">\n<tbody>\n<tr>\n<td style=\"width: 50%;\"><img loading=\"lazy\" decoding=\"async\" class=\"aligncenter size-full wp-image-6288\" src=\"https:\/\/agora.xtec.cat\/iesdecelra\/wp-content\/uploads\/usu1789\/2022\/04\/T22-Macbett_e_005-scaled.jpg\" alt=\"\" width=\"2560\" height=\"1707\" srcset=\"https:\/\/agora.xtec.cat\/iesdecelra\/wp-content\/uploads\/usu1789\/2022\/04\/T22-Macbett_e_005-scaled.jpg 2560w, https:\/\/agora.xtec.cat\/iesdecelra\/wp-content\/uploads\/usu1789\/2022\/04\/T22-Macbett_e_005-300x200.jpg 300w, https:\/\/agora.xtec.cat\/iesdecelra\/wp-content\/uploads\/usu1789\/2022\/04\/T22-Macbett_e_005-1024x683.jpg 1024w, https:\/\/agora.xtec.cat\/iesdecelra\/wp-content\/uploads\/usu1789\/2022\/04\/T22-Macbett_e_005-768x512.jpg 768w, https:\/\/agora.xtec.cat\/iesdecelra\/wp-content\/uploads\/usu1789\/2022\/04\/T22-Macbett_e_005-1536x1024.jpg 1536w, https:\/\/agora.xtec.cat\/iesdecelra\/wp-content\/uploads\/usu1789\/2022\/04\/T22-Macbett_e_005-2048x1365.jpg 2048w\" sizes=\"auto, (max-width: 2560px) 100vw, 2560px\" \/><\/td>\n<td style=\"width: 50%;\"><img loading=\"lazy\" decoding=\"async\" class=\"aligncenter size-full wp-image-6289\" src=\"https:\/\/agora.xtec.cat\/iesdecelra\/wp-content\/uploads\/usu1789\/2022\/04\/T22-Macbett_e_037-scaled.jpg\" alt=\"\" width=\"2560\" height=\"1706\" srcset=\"https:\/\/agora.xtec.cat\/iesdecelra\/wp-content\/uploads\/usu1789\/2022\/04\/T22-Macbett_e_037-scaled.jpg 2560w, https:\/\/agora.xtec.cat\/iesdecelra\/wp-content\/uploads\/usu1789\/2022\/04\/T22-Macbett_e_037-300x200.jpg 300w, https:\/\/agora.xtec.cat\/iesdecelra\/wp-content\/uploads\/usu1789\/2022\/04\/T22-Macbett_e_037-1024x683.jpg 1024w, https:\/\/agora.xtec.cat\/iesdecelra\/wp-content\/uploads\/usu1789\/2022\/04\/T22-Macbett_e_037-768x512.jpg 768w, https:\/\/agora.xtec.cat\/iesdecelra\/wp-content\/uploads\/usu1789\/2022\/04\/T22-Macbett_e_037-1536x1024.jpg 1536w, https:\/\/agora.xtec.cat\/iesdecelra\/wp-content\/uploads\/usu1789\/2022\/04\/T22-Macbett_e_037-2048x1365.jpg 2048w\" sizes=\"auto, (max-width: 2560px) 100vw, 2560px\" \/><\/td>\n<\/tr>\n<tr>\n<td style=\"width: 50%;\"><img loading=\"lazy\" decoding=\"async\" class=\"aligncenter size-full wp-image-6290\" src=\"https:\/\/agora.xtec.cat\/iesdecelra\/wp-content\/uploads\/usu1789\/2022\/04\/T22-Macbett_e_041-scaled.jpg\" alt=\"\" width=\"2560\" height=\"1707\" srcset=\"https:\/\/agora.xtec.cat\/iesdecelra\/wp-content\/uploads\/usu1789\/2022\/04\/T22-Macbett_e_041-scaled.jpg 2560w, https:\/\/agora.xtec.cat\/iesdecelra\/wp-content\/uploads\/usu1789\/2022\/04\/T22-Macbett_e_041-300x200.jpg 300w, https:\/\/agora.xtec.cat\/iesdecelra\/wp-content\/uploads\/usu1789\/2022\/04\/T22-Macbett_e_041-1024x683.jpg 1024w, https:\/\/agora.xtec.cat\/iesdecelra\/wp-content\/uploads\/usu1789\/2022\/04\/T22-Macbett_e_041-768x512.jpg 768w, https:\/\/agora.xtec.cat\/iesdecelra\/wp-content\/uploads\/usu1789\/2022\/04\/T22-Macbett_e_041-1536x1024.jpg 1536w, https:\/\/agora.xtec.cat\/iesdecelra\/wp-content\/uploads\/usu1789\/2022\/04\/T22-Macbett_e_041-2048x1365.jpg 2048w\" sizes=\"auto, (max-width: 2560px) 100vw, 2560px\" \/><\/td>\n<td style=\"width: 50%;\"><img loading=\"lazy\" decoding=\"async\" class=\"aligncenter size-full wp-image-6291\" src=\"https:\/\/agora.xtec.cat\/iesdecelra\/wp-content\/uploads\/usu1789\/2022\/04\/T22-Macbett_e_032-scaled.jpg\" alt=\"\" width=\"2560\" height=\"1707\" srcset=\"https:\/\/agora.xtec.cat\/iesdecelra\/wp-content\/uploads\/usu1789\/2022\/04\/T22-Macbett_e_032-scaled.jpg 2560w, https:\/\/agora.xtec.cat\/iesdecelra\/wp-content\/uploads\/usu1789\/2022\/04\/T22-Macbett_e_032-300x200.jpg 300w, https:\/\/agora.xtec.cat\/iesdecelra\/wp-content\/uploads\/usu1789\/2022\/04\/T22-Macbett_e_032-1024x683.jpg 1024w, https:\/\/agora.xtec.cat\/iesdecelra\/wp-content\/uploads\/usu1789\/2022\/04\/T22-Macbett_e_032-768x512.jpg 768w, https:\/\/agora.xtec.cat\/iesdecelra\/wp-content\/uploads\/usu1789\/2022\/04\/T22-Macbett_e_032-1536x1024.jpg 1536w, https:\/\/agora.xtec.cat\/iesdecelra\/wp-content\/uploads\/usu1789\/2022\/04\/T22-Macbett_e_032-2048x1365.jpg 2048w\" sizes=\"auto, (max-width: 2560px) 100vw, 2560px\" \/><\/td>\n<\/tr>\n<\/tbody>\n<\/table>\n","protected":false},"excerpt":{"rendered":"<p>Els alumnes de batxillerat van comen\u00e7ar a celebrar Sant Jordi el dia 22 d&#8217;abril a la sortida volunt\u00e0ria que es fa anualment al teatre a Barcelona i que organitza el departament de Castell\u00e0. Aquest any van anar al Teatre Nacional de Catalunya a veure\u00a0Macbett, la&hellip;  <a href=\"https:\/\/agora.xtec.cat\/iesdecelra\/cursos\/batxillerat\/anem-al-teatre-a-barcelona\/\" title=\"Read ANEM AL TEATRE A BARCELONA\">Llegeix m\u00e9s\u00bb<\/a><\/p>\n","protected":false},"author":1,"featured_media":6288,"comment_status":"open","ping_status":"closed","sticky":false,"template":"","format":"standard","meta":{"_bbp_topic_count":0,"_bbp_reply_count":0,"_bbp_total_topic_count":0,"_bbp_total_reply_count":0,"_bbp_voice_count":0,"_bbp_anonymous_reply_count":0,"_bbp_topic_count_hidden":0,"_bbp_reply_count_hidden":0,"_bbp_forum_subforum_count":0,"footnotes":""},"categories":[103,8],"tags":[115,309,40],"class_list":["post-6287","post","type-post","status-publish","format-standard","has-post-thumbnail","hentry","category-actualitat","category-batxillerat","tag-batxillerat","tag-curs-2021-2022","tag-teatre"],"post_mailing_queue_ids":[],"_links":{"self":[{"href":"https:\/\/agora.xtec.cat\/iesdecelra\/wp-json\/wp\/v2\/posts\/6287","targetHints":{"allow":["GET"]}}],"collection":[{"href":"https:\/\/agora.xtec.cat\/iesdecelra\/wp-json\/wp\/v2\/posts"}],"about":[{"href":"https:\/\/agora.xtec.cat\/iesdecelra\/wp-json\/wp\/v2\/types\/post"}],"author":[{"embeddable":true,"href":"https:\/\/agora.xtec.cat\/iesdecelra\/wp-json\/wp\/v2\/users\/1"}],"replies":[{"embeddable":true,"href":"https:\/\/agora.xtec.cat\/iesdecelra\/wp-json\/wp\/v2\/comments?post=6287"}],"version-history":[{"count":1,"href":"https:\/\/agora.xtec.cat\/iesdecelra\/wp-json\/wp\/v2\/posts\/6287\/revisions"}],"predecessor-version":[{"id":6292,"href":"https:\/\/agora.xtec.cat\/iesdecelra\/wp-json\/wp\/v2\/posts\/6287\/revisions\/6292"}],"wp:featuredmedia":[{"embeddable":true,"href":"https:\/\/agora.xtec.cat\/iesdecelra\/wp-json\/wp\/v2\/media\/6288"}],"wp:attachment":[{"href":"https:\/\/agora.xtec.cat\/iesdecelra\/wp-json\/wp\/v2\/media?parent=6287"}],"wp:term":[{"taxonomy":"category","embeddable":true,"href":"https:\/\/agora.xtec.cat\/iesdecelra\/wp-json\/wp\/v2\/categories?post=6287"},{"taxonomy":"post_tag","embeddable":true,"href":"https:\/\/agora.xtec.cat\/iesdecelra\/wp-json\/wp\/v2\/tags?post=6287"}],"curies":[{"name":"wp","href":"https:\/\/api.w.org\/{rel}","templated":true}]}}