{"id":6177,"date":"2022-03-29T10:48:59","date_gmt":"2022-03-29T08:48:59","guid":{"rendered":"https:\/\/agora.xtec.cat\/iesdecelra\/?p=6177"},"modified":"2023-02-24T12:20:43","modified_gmt":"2023-02-24T11:20:43","slug":"primer-intercanvi-de-roba-de-linstitut-de-celra","status":"publish","type":"post","link":"https:\/\/agora.xtec.cat\/iesdecelra\/actualitat\/primer-intercanvi-de-roba-de-linstitut-de-celra\/","title":{"rendered":"PRIMER INTERCANVI DE ROBA DE L&#8217;INSTITUT DE CELR\u00c0"},"content":{"rendered":"<p>El dia 1 d&#8217;abril, coincidint amb la Diada de l&#8217;Institut, s&#8217;engegar\u00e0 el Primer Intercanvi de Roba de l&#8217;Institut de Celr\u00e0. Funcionar\u00e0 de la seg\u00fcent manera:<\/p>\n<ul>\n<li>La recollida es far\u00e0 els dies <strong>1 d\u2019abril<\/strong> (diada), el <strong>19 d\u2019abril<\/strong> (1er pati a la biblioteca) i els <strong>dimecres<\/strong> als primers patis al menjador mentre es fa la Comissi\u00f3 pro persones refugiades.<\/li>\n<li>L\u2019intercanvi ser\u00e0 el <strong>dimecres 20 d\u2019abril<\/strong> al 1r i 2n pati dels dos cicles al menjador.<\/li>\n<li>El mercat de roba ser\u00e0 el <strong>dijous 21 i divendres 22 d\u2019abril<\/strong> al 1r i 2n pati de cada cicle al menjador. La roba es podr\u00e0 comprar a preus d\u2019entre 1 euros a 5 euros.<\/li>\n<\/ul>\n<p>La roba sobrant i els diners recollits es donaran a les persones afectades pel conflicte a Ucra\u00efna.<\/p>\n<p>Us hi esperem!<\/p>\n<p><img loading=\"lazy\" decoding=\"async\" class=\"aligncenter size-full wp-image-6178\" src=\"https:\/\/agora.xtec.cat\/iesdecelra\/wp-content\/uploads\/usu1789\/2022\/03\/Cartell-intercanvi-de-roba_page-0001.jpg\" alt=\"\" width=\"1242\" height=\"1755\" \/><\/p>\n","protected":false},"excerpt":{"rendered":"<p>El dia 1 d&#8217;abril, coincidint amb la Diada de l&#8217;Institut, s&#8217;engegar\u00e0 el Primer Intercanvi de Roba de l&#8217;Institut de Celr\u00e0. Funcionar\u00e0 de la seg\u00fcent manera:<\/p>\n<ul>\n<li>La recollida es far\u00e0 els dies 1 d\u2019abril (diada), el 19 d\u2019abril (1er pati a la biblioteca) i els dimecres als&hellip;  <a href=\"https:\/\/agora.xtec.cat\/iesdecelra\/actualitat\/primer-intercanvi-de-roba-de-linstitut-de-celra\/\" title=\"Read PRIMER INTERCANVI DE ROBA DE L&#8217;INSTITUT DE CELR\u00c0\">Llegeix m\u00e9s\u00bb<\/a><br \/>\n","protected":false},"author":1,"featured_media":6178,"comment_status":"open","ping_status":"closed","sticky":false,"template":"","format":"standard","meta":{"_bbp_topic_count":0,"_bbp_reply_count":0,"_bbp_total_topic_count":0,"_bbp_total_reply_count":0,"_bbp_voice_count":0,"_bbp_anonymous_reply_count":0,"_bbp_topic_count_hidden":0,"_bbp_reply_count_hidden":0,"_bbp_forum_subforum_count":0,"footnotes":""},"categories":[103,345],"tags":[172,309,329],"class_list":["post-6177","post","type-post","status-publish","format-standard","has-post-thumbnail","hentry","category-actualitat","category-escola-verda","tag-comissio-de-refugiats","tag-curs-2021-2022","tag-intercanvi-de-roba"],"post_mailing_queue_ids":[],"_links":{"self":[{"href":"https:\/\/agora.xtec.cat\/iesdecelra\/wp-json\/wp\/v2\/posts\/6177","targetHints":{"allow":["GET"]}}],"collection":[{"href":"https:\/\/agora.xtec.cat\/iesdecelra\/wp-json\/wp\/v2\/posts"}],"about":[{"href":"https:\/\/agora.xtec.cat\/iesdecelra\/wp-json\/wp\/v2\/types\/post"}],"author":[{"embeddable":true,"href":"https:\/\/agora.xtec.cat\/iesdecelra\/wp-json\/wp\/v2\/users\/1"}],"replies":[{"embeddable":true,"href":"https:\/\/agora.xtec.cat\/iesdecelra\/wp-json\/wp\/v2\/comments?post=6177"}],"version-history":[{"count":1,"href":"https:\/\/agora.xtec.cat\/iesdecelra\/wp-json\/wp\/v2\/posts\/6177\/revisions"}],"predecessor-version":[{"id":6179,"href":"https:\/\/agora.xtec.cat\/iesdecelra\/wp-json\/wp\/v2\/posts\/6177\/revisions\/6179"}],"wp:featuredmedia":[{"embeddable":true,"href":"https:\/\/agora.xtec.cat\/iesdecelra\/wp-json\/wp\/v2\/media\/6178"}],"wp:attachment":[{"href":"https:\/\/agora.xtec.cat\/iesdecelra\/wp-json\/wp\/v2\/media?parent=6177"}],"wp:term":[{"taxonomy":"category","embeddable":true,"href":"https:\/\/agora.xtec.cat\/iesdecelra\/wp-json\/wp\/v2\/categories?post=6177"},{"taxonomy":"post_tag","embeddable":true,"href":"https:\/\/agora.xtec.cat\/iesdecelra\/wp-json\/wp\/v2\/tags?post=6177"}],"curies":[{"name":"wp","href":"https:\/\/api.w.org\/{rel}","templated":true}]}}