{"id":6173,"date":"2022-03-28T17:50:59","date_gmt":"2022-03-28T15:50:59","guid":{"rendered":"https:\/\/agora.xtec.cat\/iesdecelra\/?p=6173"},"modified":"2022-03-29T09:06:43","modified_gmt":"2022-03-29T07:06:43","slug":"concurs-fotografic-a-la-vista","status":"publish","type":"post","link":"https:\/\/agora.xtec.cat\/iesdecelra\/actualitat\/concurs-fotografic-a-la-vista\/","title":{"rendered":"CONCURS FOTOGR\u00c0FIC A LA VISTA!"},"content":{"rendered":"<p>T&#8217;agrada la fotografia? Ets alumne de 3r i 4rt ESO o Batxillerat? Participa al concurs &#8220;Qu\u00e8 \u00e9s per tu Europa&#8221;!!<\/p>\n<p>La teva fotografia formar\u00e0 part d&#8217;una exposici\u00f3 a l&#8217;institut i, si ets seleccionat com a finalista, rebr\u00e0s un obsequi del Parlament Europeu de Barcelona i participar\u00e0s al concurs &#8220;Qu\u00e8 \u00e9s per tu Europa&#8221; organitzat per la Fundaci\u00f3 Catalunya Europa a nivell de Catalunya per poder accedir a m\u00e9s premis! Som-hi! Llegeix les bases del concurs, deixa anar la teva vena creativa i demostra&#8217;ns, com a ciutad\u00e0 europeu, qu\u00e8 \u00e9s per tu Europa.<\/p>\n<p>Fins el 15 d&#8217;abril pots enviar la teva fotografia original a\u00a0<a href=\"mailto:europeanprojects@iesdecelra.cat\" target=\"_blank\" rel=\"noopener\">europeanprojects@iesdecelra.<wbr \/>cat<\/a>.<\/p>\n<p><img loading=\"lazy\" decoding=\"async\" class=\"aligncenter wp-image-6174\" src=\"https:\/\/agora.xtec.cat\/iesdecelra\/wp-content\/uploads\/usu1789\/2022\/03\/que-es-per-tu-europa.png\" alt=\"\" width=\"575\" height=\"813\" \/><\/p>\n","protected":false},"excerpt":{"rendered":"<p>T&#8217;agrada la fotografia? Ets alumne de 3r i 4rt ESO o Batxillerat? Participa al concurs &#8220;Qu\u00e8 \u00e9s per tu Europa&#8221;!!<br \/>\nLa teva fotografia formar\u00e0 part d&#8217;una exposici\u00f3 a l&#8217;institut i, si ets seleccionat com a finalista, rebr\u00e0s un obsequi del Parlament Europeu de Barcelona i participar\u00e0s&hellip;  <a href=\"https:\/\/agora.xtec.cat\/iesdecelra\/actualitat\/concurs-fotografic-a-la-vista\/\" title=\"Read CONCURS FOTOGR\u00c0FIC A LA VISTA!\">Llegeix m\u00e9s\u00bb<\/a><\/p>\n","protected":false},"author":1,"featured_media":6174,"comment_status":"open","ping_status":"closed","sticky":false,"template":"","format":"standard","meta":{"_bbp_topic_count":0,"_bbp_reply_count":0,"_bbp_total_topic_count":0,"_bbp_total_reply_count":0,"_bbp_voice_count":0,"_bbp_anonymous_reply_count":0,"_bbp_topic_count_hidden":0,"_bbp_reply_count_hidden":0,"_bbp_forum_subforum_count":0,"footnotes":""},"categories":[103,218,156],"tags":[168,309,328,301],"class_list":["post-6173","post","type-post","status-publish","format-standard","has-post-thumbnail","hentry","category-actualitat","category-concursos-i-premis","category-european-projects","tag-concursos","tag-curs-2021-2022","tag-fotografia","tag-projectes-europeus"],"post_mailing_queue_ids":[],"_links":{"self":[{"href":"https:\/\/agora.xtec.cat\/iesdecelra\/wp-json\/wp\/v2\/posts\/6173","targetHints":{"allow":["GET"]}}],"collection":[{"href":"https:\/\/agora.xtec.cat\/iesdecelra\/wp-json\/wp\/v2\/posts"}],"about":[{"href":"https:\/\/agora.xtec.cat\/iesdecelra\/wp-json\/wp\/v2\/types\/post"}],"author":[{"embeddable":true,"href":"https:\/\/agora.xtec.cat\/iesdecelra\/wp-json\/wp\/v2\/users\/1"}],"replies":[{"embeddable":true,"href":"https:\/\/agora.xtec.cat\/iesdecelra\/wp-json\/wp\/v2\/comments?post=6173"}],"version-history":[{"count":1,"href":"https:\/\/agora.xtec.cat\/iesdecelra\/wp-json\/wp\/v2\/posts\/6173\/revisions"}],"predecessor-version":[{"id":6175,"href":"https:\/\/agora.xtec.cat\/iesdecelra\/wp-json\/wp\/v2\/posts\/6173\/revisions\/6175"}],"wp:featuredmedia":[{"embeddable":true,"href":"https:\/\/agora.xtec.cat\/iesdecelra\/wp-json\/wp\/v2\/media\/6174"}],"wp:attachment":[{"href":"https:\/\/agora.xtec.cat\/iesdecelra\/wp-json\/wp\/v2\/media?parent=6173"}],"wp:term":[{"taxonomy":"category","embeddable":true,"href":"https:\/\/agora.xtec.cat\/iesdecelra\/wp-json\/wp\/v2\/categories?post=6173"},{"taxonomy":"post_tag","embeddable":true,"href":"https:\/\/agora.xtec.cat\/iesdecelra\/wp-json\/wp\/v2\/tags?post=6173"}],"curies":[{"name":"wp","href":"https:\/\/api.w.org\/{rel}","templated":true}]}}