{"id":6146,"date":"2022-03-22T17:09:12","date_gmt":"2022-03-22T16:09:12","guid":{"rendered":"https:\/\/agora.xtec.cat\/iesdecelra\/?p=6146"},"modified":"2022-03-22T17:09:25","modified_gmt":"2022-03-22T16:09:25","slug":"club-de-lectura","status":"publish","type":"post","link":"https:\/\/agora.xtec.cat\/iesdecelra\/actualitat\/club-de-lectura\/","title":{"rendered":"CLUB DE LECTURA"},"content":{"rendered":"<p class=\"gmail_default\">Aquest any, com activitat cultural lligada a Sant Jordi hem programat un <span class=\"il\">club<\/span>\u00a0<span class=\"il\">de<\/span>\u00a0<span class=\"il\">lectura<\/span>\u00a0perqu\u00e8 alumnat, professorat, personal no docent i fam\u00edlies puguem llegir una mateixa novel\u00b7la i conversar despr\u00e9s sobre ella entre nosaltres i amb el mateix autor. \u00c9s una activitat organitzada per la professora Roser Adroher i que ha comptat amb la col\u00b7laboraci\u00f3\u00a0<span class=\"il\">de<\/span>\u00a0Papyrus i\u00a0<span class=\"il\">de<\/span>\u00a0la Biblioteca\u00a0<span class=\"il\">de<\/span>\u00a0Celr\u00e0.<\/p>\n<p class=\"gmail_default\">El text escollit ha estat la novel\u00b7la\u00a0<strong><i>Junil\u00a0a les terres dels b\u00e0rbars<\/i><\/strong>\u00a0<span class=\"il\">de<\/span>\u00a0Joan-Llu\u00eds Llu\u00eds. La trobada ser\u00e0 <strong>dijous 28 d&#8217;abril a les 19.30\u202fh<\/strong> a la biblioteca\u00a0<span class=\"il\">de<\/span>\u00a0l&#8217;institut.<\/p>\n<p class=\"gmail_default\">Des\u00a0<span class=\"il\">de<\/span>\u00a0la setmana passada hi ha a disposici\u00f3 un joc\u00a0<span class=\"il\">de<\/span>\u00a027 llibres a consergeria perqu\u00e8 pugueu endur-vos un exemplar i llegir-lo a casa.<\/p>\n<p>Us adjuntem el cartell informatiu i us animem a participar-hi perqu\u00e8 no nom\u00e9s gaudim del plaer <span class=\"il\">de<\/span>\u00a0llegir sin\u00f3 tamb\u00e9 del plaer\u00a0<span class=\"il\">de<\/span>\u00a0compartir opinions sobre la\u00a0<span class=\"il\">lectura<\/span>.<\/p>\n<p><img loading=\"lazy\" decoding=\"async\" class=\"aligncenter size-full wp-image-6147\" src=\"https:\/\/agora.xtec.cat\/iesdecelra\/wp-content\/uploads\/usu1789\/2022\/03\/Club-de-lectura.png\" alt=\"\" width=\"891\" height=\"626\" srcset=\"https:\/\/agora.xtec.cat\/iesdecelra\/wp-content\/uploads\/usu1789\/2022\/03\/Club-de-lectura.png 891w, https:\/\/agora.xtec.cat\/iesdecelra\/wp-content\/uploads\/usu1789\/2022\/03\/Club-de-lectura-300x211.png 300w, https:\/\/agora.xtec.cat\/iesdecelra\/wp-content\/uploads\/usu1789\/2022\/03\/Club-de-lectura-768x540.png 768w\" sizes=\"auto, (max-width: 891px) 100vw, 891px\" \/><\/p>\n","protected":false},"excerpt":{"rendered":"<p>Aquest any, com activitat cultural lligada a Sant Jordi hem programat un club\u00a0de\u00a0lectura\u00a0perqu\u00e8 alumnat, professorat, personal no docent i fam\u00edlies puguem llegir una mateixa novel\u00b7la i conversar despr\u00e9s sobre ella entre nosaltres i amb el mateix autor. \u00c9s una activitat organitzada per la professora Roser&hellip;  <a href=\"https:\/\/agora.xtec.cat\/iesdecelra\/actualitat\/club-de-lectura\/\" title=\"Read CLUB DE LECTURA\">Llegeix m\u00e9s\u00bb<\/a><\/p>\n","protected":false},"author":1,"featured_media":6148,"comment_status":"open","ping_status":"closed","sticky":false,"template":"","format":"standard","meta":{"_bbp_topic_count":0,"_bbp_reply_count":0,"_bbp_total_topic_count":0,"_bbp_total_reply_count":0,"_bbp_voice_count":0,"_bbp_anonymous_reply_count":0,"_bbp_topic_count_hidden":0,"_bbp_reply_count_hidden":0,"_bbp_forum_subforum_count":0,"footnotes":""},"categories":[103],"tags":[309,166,38],"class_list":["post-6146","post","type-post","status-publish","format-standard","has-post-thumbnail","hentry","category-actualitat","tag-curs-2021-2022","tag-departament-de-catala","tag-sant-jordi"],"post_mailing_queue_ids":[],"_links":{"self":[{"href":"https:\/\/agora.xtec.cat\/iesdecelra\/wp-json\/wp\/v2\/posts\/6146","targetHints":{"allow":["GET"]}}],"collection":[{"href":"https:\/\/agora.xtec.cat\/iesdecelra\/wp-json\/wp\/v2\/posts"}],"about":[{"href":"https:\/\/agora.xtec.cat\/iesdecelra\/wp-json\/wp\/v2\/types\/post"}],"author":[{"embeddable":true,"href":"https:\/\/agora.xtec.cat\/iesdecelra\/wp-json\/wp\/v2\/users\/1"}],"replies":[{"embeddable":true,"href":"https:\/\/agora.xtec.cat\/iesdecelra\/wp-json\/wp\/v2\/comments?post=6146"}],"version-history":[{"count":1,"href":"https:\/\/agora.xtec.cat\/iesdecelra\/wp-json\/wp\/v2\/posts\/6146\/revisions"}],"predecessor-version":[{"id":6149,"href":"https:\/\/agora.xtec.cat\/iesdecelra\/wp-json\/wp\/v2\/posts\/6146\/revisions\/6149"}],"wp:featuredmedia":[{"embeddable":true,"href":"https:\/\/agora.xtec.cat\/iesdecelra\/wp-json\/wp\/v2\/media\/6148"}],"wp:attachment":[{"href":"https:\/\/agora.xtec.cat\/iesdecelra\/wp-json\/wp\/v2\/media?parent=6146"}],"wp:term":[{"taxonomy":"category","embeddable":true,"href":"https:\/\/agora.xtec.cat\/iesdecelra\/wp-json\/wp\/v2\/categories?post=6146"},{"taxonomy":"post_tag","embeddable":true,"href":"https:\/\/agora.xtec.cat\/iesdecelra\/wp-json\/wp\/v2\/tags?post=6146"}],"curies":[{"name":"wp","href":"https:\/\/api.w.org\/{rel}","templated":true}]}}