{"id":6128,"date":"2022-03-14T19:26:40","date_gmt":"2022-03-14T18:26:40","guid":{"rendered":"https:\/\/agora.xtec.cat\/iesdecelra\/?p=6128"},"modified":"2022-03-14T19:27:27","modified_gmt":"2022-03-14T18:27:27","slug":"vaga-de-professorat","status":"publish","type":"post","link":"https:\/\/agora.xtec.cat\/iesdecelra\/actualitat\/vaga-de-professorat\/","title":{"rendered":"VAGA DE PROFESSORAT"},"content":{"rendered":"<p>Amb motiu de la convocat\u00f2ria de vaga les direccions dels centres de secund\u00e0ria dels SSTT de Girona han elaborat un escrit en defensa de l&#8217;Ensenyament p\u00fablic i de qualitat. Tamb\u00e9 el professorat de l&#8217;Institut de Celr\u00e0 reunit en assemblea ha preparat un document per explicar els motius que han portat a fer vaga.<\/p>\n<p>Trobareu els dos documents en els enlla\u00e7os:<\/p>\n<ul>\n<li><a href=\"https:\/\/drive.google.com\/file\/d\/1yAJ4UCXaO5EnEdPO2jTXEGtOBhn2ndD8\/view?usp=sharing\">Per qu\u00e8 el professorat de l&#8217;Institut de Celr\u00e0 far\u00e0 vaga? <\/a><\/li>\n<li><a href=\"https:\/\/drive.google.com\/file\/d\/1hNF-V50ziQAknXFEBwpe13iOOdX7LL1D\/view?usp=sharing\">Escrit a la comunitat educativa de les direccions del Servei Territorial d&#8217;Educaci\u00f3 de Girona\u00a0<\/a><\/li>\n<\/ul>\n","protected":false},"excerpt":{"rendered":"<p>Amb motiu de la convocat\u00f2ria de vaga les direccions dels centres de secund\u00e0ria dels SSTT de Girona han elaborat un escrit en defensa de l&#8217;Ensenyament p\u00fablic i de qualitat. Tamb\u00e9 el professorat de l&#8217;Institut de Celr\u00e0 reunit en assemblea ha preparat un document per explicar&hellip;  <a href=\"https:\/\/agora.xtec.cat\/iesdecelra\/actualitat\/vaga-de-professorat\/\" title=\"Read VAGA DE PROFESSORAT\">Llegeix m\u00e9s\u00bb<\/a><\/p>\n","protected":false},"author":1,"featured_media":6129,"comment_status":"open","ping_status":"closed","sticky":false,"template":"","format":"standard","meta":{"_bbp_topic_count":0,"_bbp_reply_count":0,"_bbp_total_topic_count":0,"_bbp_total_reply_count":0,"_bbp_voice_count":0,"_bbp_anonymous_reply_count":0,"_bbp_topic_count_hidden":0,"_bbp_reply_count_hidden":0,"_bbp_forum_subforum_count":0,"footnotes":""},"categories":[103],"tags":[309,148],"class_list":["post-6128","post","type-post","status-publish","format-standard","has-post-thumbnail","hentry","category-actualitat","tag-curs-2021-2022","tag-vaga"],"post_mailing_queue_ids":[],"_links":{"self":[{"href":"https:\/\/agora.xtec.cat\/iesdecelra\/wp-json\/wp\/v2\/posts\/6128","targetHints":{"allow":["GET"]}}],"collection":[{"href":"https:\/\/agora.xtec.cat\/iesdecelra\/wp-json\/wp\/v2\/posts"}],"about":[{"href":"https:\/\/agora.xtec.cat\/iesdecelra\/wp-json\/wp\/v2\/types\/post"}],"author":[{"embeddable":true,"href":"https:\/\/agora.xtec.cat\/iesdecelra\/wp-json\/wp\/v2\/users\/1"}],"replies":[{"embeddable":true,"href":"https:\/\/agora.xtec.cat\/iesdecelra\/wp-json\/wp\/v2\/comments?post=6128"}],"version-history":[{"count":2,"href":"https:\/\/agora.xtec.cat\/iesdecelra\/wp-json\/wp\/v2\/posts\/6128\/revisions"}],"predecessor-version":[{"id":6131,"href":"https:\/\/agora.xtec.cat\/iesdecelra\/wp-json\/wp\/v2\/posts\/6128\/revisions\/6131"}],"wp:featuredmedia":[{"embeddable":true,"href":"https:\/\/agora.xtec.cat\/iesdecelra\/wp-json\/wp\/v2\/media\/6129"}],"wp:attachment":[{"href":"https:\/\/agora.xtec.cat\/iesdecelra\/wp-json\/wp\/v2\/media?parent=6128"}],"wp:term":[{"taxonomy":"category","embeddable":true,"href":"https:\/\/agora.xtec.cat\/iesdecelra\/wp-json\/wp\/v2\/categories?post=6128"},{"taxonomy":"post_tag","embeddable":true,"href":"https:\/\/agora.xtec.cat\/iesdecelra\/wp-json\/wp\/v2\/tags?post=6128"}],"curies":[{"name":"wp","href":"https:\/\/api.w.org\/{rel}","templated":true}]}}