{"id":6109,"date":"2022-03-15T08:15:01","date_gmt":"2022-03-15T07:15:01","guid":{"rendered":"https:\/\/agora.xtec.cat\/iesdecelra\/?p=6109"},"modified":"2022-03-15T13:30:31","modified_gmt":"2022-03-15T12:30:31","slug":"concurs-de-redaccio-de-la-coca-cola","status":"publish","type":"post","link":"https:\/\/agora.xtec.cat\/iesdecelra\/cursos\/eso\/eso-2\/concurs-de-redaccio-de-la-coca-cola\/","title":{"rendered":"CONCURS DE REDACCI\u00d3 DE LA COCA-COLA"},"content":{"rendered":"<p style=\"font-weight: 400;\">Aquesta setmana s&#8217;ha celebrat el llegendari concurs de redacci\u00f3 de la Coca-Cola. Dijous, dia 10 de mar\u00e7, va ser el torn de catal\u00e0 amb la\u00a0<em>44\u00aa Edici\u00f3 de Relat Breu<\/em>\u00a0i divendres, 11 de mar\u00e7, de castell\u00e0 amb la\u00a0<em>61.\u00aa Edici\u00f3n\u00a0del Concurso de J\u00f3venes Talentos<\/em>. Aquest any s&#8217;ha hagut de tornar a fer a l&#8217;institut per causa de la pand\u00e8mia.\u00a0 M\u00e9s d&#8217;una vintena d&#8217;alumnes de 2n d&#8217;ESO va rebre un est\u00edmul creatiu i en dues hores van haver d&#8217;escriure un text de no m\u00e9s de 800 paraules. La redacci\u00f3 de catal\u00e0 girava entorn d&#8217;una imatge de ci\u00e8ncia ficci\u00f3 relacionada amb l&#8217;exploraci\u00f3 espacial i a la de castell\u00e0 havien d&#8217;incloure la refer\u00e8ncia d&#8217;una il\u00b7lustraci\u00f3 de Flavita Banana que mostrava\u00a0un noi i una noia recolzats un a l&#8217;esquena de l&#8217;altra i amb el bra\u00e7os entrella\u00e7ats mirant el seu m\u00f2bil del qual sorgia un cor. Els alumnes van inspirar-se r\u00e0pidament i van estar escrivint i revisant la seva creaci\u00f3 sense pausa. Van sortir contents del concurs, segons van manifestar.<\/p>\n<p style=\"font-weight: 400;\">Si ens guanyem algun premi, millor!\u00a0I si no, ja sabem que l&#8217;important \u00e9s participar.<\/p>\n\r\n\t<div class=\"slideshow_container slideshow_container_style-light\" style=\"height: 550px; \" data-slideshow-id=\"6103\" data-style-name=\"style-light\" data-style-version=\"2.3.1\" >\r\n\r\n\t\t\t\t\t<div class=\"slideshow_loading_icon\"><\/div>\r\n\t\t\r\n\t\t<div class=\"slideshow_content\" style=\"display: none;\">\r\n\r\n\t\t\t<div class=\"slideshow_view\">\r\n\t\t\t\t<div class=\"slideshow_slide slideshow_slide_image\">\r\n\t\t\t\t\t\t\t\t\t\t\t<img src=\"https:\/\/agora.xtec.cat\/iesdecelra\/wp-content\/uploads\/usu1789\/2022\/03\/cacacola1-scaled.jpg\" alt=\"cacacola1\" width=\"2560\" height=\"1496\" \/>\r\n\t\t\t\t\t\t\t\t\t\t<div class=\"slideshow_description_box slideshow_transparent\">\r\n\t\t\t\t\t\t<div class=\"slideshow_title\">cacacola1<\/div>\t\t\t\t\t\t\t\t\t\t\t<\/div>\r\n\t\t\t\t<\/div>\r\n\r\n\t\t\t\t\t\t<div style=\"clear: both;\"><\/div><\/div><div class=\"slideshow_view\">\r\n\t\t\t\t<div class=\"slideshow_slide slideshow_slide_image\">\r\n\t\t\t\t\t\t\t\t\t\t\t<img src=\"https:\/\/agora.xtec.cat\/iesdecelra\/wp-content\/uploads\/usu1789\/2022\/03\/IMG-0839-4-1.jpg\" alt=\"IMG-0839 (4)\" width=\"2073\" height=\"1429\" \/>\r\n\t\t\t\t\t\t\t\t\t\t<div class=\"slideshow_description_box slideshow_transparent\">\r\n\t\t\t\t\t\t<div class=\"slideshow_title\">IMG-0839 (4)<\/div>\t\t\t\t\t\t\t\t\t\t\t<\/div>\r\n\t\t\t\t<\/div>\r\n\r\n\t\t\t\t\t\t<div style=\"clear: both;\"><\/div><\/div><div class=\"slideshow_view\">\r\n\t\t\t\t<div class=\"slideshow_slide slideshow_slide_image\">\r\n\t\t\t\t\t\t\t\t\t\t\t<img src=\"https:\/\/agora.xtec.cat\/iesdecelra\/wp-content\/uploads\/usu1789\/2022\/03\/1646916166876-2.jpg\" alt=\"1646916166876 (2)\" width=\"748\" height=\"484\" \/>\r\n\t\t\t\t\t\t\t\t\t\t<div class=\"slideshow_description_box slideshow_transparent\">\r\n\t\t\t\t\t\t<div class=\"slideshow_title\">1646916166876 (2)<\/div>\t\t\t\t\t\t\t\t\t\t\t<\/div>\r\n\t\t\t\t<\/div>\r\n\r\n\t\t\t\t\t\t<div style=\"clear: both;\"><\/div><\/div>\r\n\t\t<\/div>\r\n\r\n\t\t<div class=\"slideshow_controlPanel slideshow_transparent\" style=\"display: none;\"><ul><li class=\"slideshow_togglePlay\" data-play-text=\"Visualitza\" data-pause-text=\"Pausa\"><\/li><\/ul><\/div>\r\n\r\n\t\t<div class=\"slideshow_button slideshow_previous slideshow_transparent\" role=\"button\" data-previous-text=\"Anterior\" style=\"display: none;\"><\/div>\r\n\t\t<div class=\"slideshow_button slideshow_next slideshow_transparent\" role=\"button\" data-next-text=\"Seg\u00fcent\" style=\"display: none;\"><\/div>\r\n\r\n\t\t<div class=\"slideshow_pagination\" style=\"display: none;\" data-go-to-text=\"V\u00e9s a la diapositiva\"><div class=\"slideshow_pagination_center\"><\/div><\/div>\r\n\r\n\t\t<!-- WordPress Slideshow Version 2.3.1 -->\r\n\r\n\t\t\t<\/div>\r\n\r\n\n","protected":false},"excerpt":{"rendered":"<p>Aquesta setmana s&#8217;ha celebrat el llegendari concurs de redacci\u00f3 de la Coca-Cola. Dijous, dia 10 de mar\u00e7, va ser el torn de catal\u00e0 amb la\u00a044\u00aa Edici\u00f3 de Relat Breu\u00a0i divendres, 11 de mar\u00e7, de castell\u00e0 amb la\u00a061.\u00aa Edici\u00f3n\u00a0del Concurso de J\u00f3venes Talentos. Aquest any s&#8217;ha&hellip;  <a href=\"https:\/\/agora.xtec.cat\/iesdecelra\/cursos\/eso\/eso-2\/concurs-de-redaccio-de-la-coca-cola\/\" title=\"Read CONCURS DE REDACCI\u00d3 DE LA COCA-COLA\">Llegeix m\u00e9s\u00bb<\/a><\/p>\n","protected":false},"author":1,"featured_media":6108,"comment_status":"open","ping_status":"closed","sticky":false,"template":"","format":"standard","meta":{"_bbp_topic_count":0,"_bbp_reply_count":0,"_bbp_total_topic_count":0,"_bbp_total_reply_count":0,"_bbp_voice_count":0,"_bbp_anonymous_reply_count":0,"_bbp_topic_count_hidden":0,"_bbp_reply_count_hidden":0,"_bbp_forum_subforum_count":0,"footnotes":""},"categories":[5],"tags":[168,309,282],"class_list":["post-6109","post","type-post","status-publish","format-standard","has-post-thumbnail","hentry","category-eso-2","tag-concursos","tag-curs-2021-2022","tag-departament-de-llengua-castellana"],"post_mailing_queue_ids":[],"_links":{"self":[{"href":"https:\/\/agora.xtec.cat\/iesdecelra\/wp-json\/wp\/v2\/posts\/6109","targetHints":{"allow":["GET"]}}],"collection":[{"href":"https:\/\/agora.xtec.cat\/iesdecelra\/wp-json\/wp\/v2\/posts"}],"about":[{"href":"https:\/\/agora.xtec.cat\/iesdecelra\/wp-json\/wp\/v2\/types\/post"}],"author":[{"embeddable":true,"href":"https:\/\/agora.xtec.cat\/iesdecelra\/wp-json\/wp\/v2\/users\/1"}],"replies":[{"embeddable":true,"href":"https:\/\/agora.xtec.cat\/iesdecelra\/wp-json\/wp\/v2\/comments?post=6109"}],"version-history":[{"count":1,"href":"https:\/\/agora.xtec.cat\/iesdecelra\/wp-json\/wp\/v2\/posts\/6109\/revisions"}],"predecessor-version":[{"id":6110,"href":"https:\/\/agora.xtec.cat\/iesdecelra\/wp-json\/wp\/v2\/posts\/6109\/revisions\/6110"}],"wp:featuredmedia":[{"embeddable":true,"href":"https:\/\/agora.xtec.cat\/iesdecelra\/wp-json\/wp\/v2\/media\/6108"}],"wp:attachment":[{"href":"https:\/\/agora.xtec.cat\/iesdecelra\/wp-json\/wp\/v2\/media?parent=6109"}],"wp:term":[{"taxonomy":"category","embeddable":true,"href":"https:\/\/agora.xtec.cat\/iesdecelra\/wp-json\/wp\/v2\/categories?post=6109"},{"taxonomy":"post_tag","embeddable":true,"href":"https:\/\/agora.xtec.cat\/iesdecelra\/wp-json\/wp\/v2\/tags?post=6109"}],"curies":[{"name":"wp","href":"https:\/\/api.w.org\/{rel}","templated":true}]}}