{"id":5943,"date":"2022-02-15T10:32:50","date_gmt":"2022-02-15T09:32:50","guid":{"rendered":"https:\/\/agora.xtec.cat\/iesdecelra\/?p=5943"},"modified":"2022-02-15T10:33:28","modified_gmt":"2022-02-15T09:33:28","slug":"un-any-mes-participem-a-la-uap-22","status":"publish","type":"post","link":"https:\/\/agora.xtec.cat\/iesdecelra\/cursos\/eso\/eso-1\/un-any-mes-participem-a-la-uap-22\/","title":{"rendered":"UN ANY M\u00c9S, PARTICIPEM A LA UAP22"},"content":{"rendered":"<p><img loading=\"lazy\" decoding=\"async\" class=\"aligncenter size-full wp-image-5944\" src=\"https:\/\/agora.xtec.cat\/iesdecelra\/wp-content\/uploads\/usu1789\/2022\/02\/poster-uap22-reduit_page-0001.jpg\" alt=\"\" width=\"2481\" height=\"1754\" srcset=\"https:\/\/agora.xtec.cat\/iesdecelra\/wp-content\/uploads\/usu1789\/2022\/02\/poster-uap22-reduit_page-0001.jpg 2481w, https:\/\/agora.xtec.cat\/iesdecelra\/wp-content\/uploads\/usu1789\/2022\/02\/poster-uap22-reduit_page-0001-300x212.jpg 300w, https:\/\/agora.xtec.cat\/iesdecelra\/wp-content\/uploads\/usu1789\/2022\/02\/poster-uap22-reduit_page-0001-1024x724.jpg 1024w, https:\/\/agora.xtec.cat\/iesdecelra\/wp-content\/uploads\/usu1789\/2022\/02\/poster-uap22-reduit_page-0001-768x543.jpg 768w, https:\/\/agora.xtec.cat\/iesdecelra\/wp-content\/uploads\/usu1789\/2022\/02\/poster-uap22-reduit_page-0001-1536x1086.jpg 1536w, https:\/\/agora.xtec.cat\/iesdecelra\/wp-content\/uploads\/usu1789\/2022\/02\/poster-uap22-reduit_page-0001-2048x1448.jpg 2048w\" sizes=\"auto, (max-width: 2481px) 100vw, 2481px\" \/><\/p>\n<p style=\"text-align: justify;\">La UAP \u00e9s un projecte solidari on participem molts instituts de la prov\u00edncia de Girona. Liderat pels professors de m\u00fasica dels diferents instituts amb la idea de fer servir la m\u00fasica i el cant per fomentar valors com ara la pau (per aix\u00f2 sempre s&#8217;estrena pels volts del dia de la pau). \u00c9s una cantata que des del nostre institut treballem amb els alumnes de primer, amb tots a l&#8217;aula. Uns quants d&#8217;aquests alumnes participen tamb\u00e9 com a cantants a l&#8217;escenari, i tots hi van de p\u00fablic. Aquest any participem en dues representacions per a instituts (amb personatges diferents) i a una tercera oberta als familiars que vulguin venir. L&#8217;actuaci\u00f3 oberta al p\u00fablic \u00e9s el dissabte dia 19 a les 20:00h al Teatre Minicipal de Girona, i es poden agafar entrades a trav\u00e9s de la web del teatre.<\/p>\n<p style=\"text-align: justify;\">Hi ha m\u00e9s informaci\u00f3 sobre la hist\u00f2ria d&#8217;aquest any i els participants a la web\u00a0<a href=\"http:\/\/uapgirona.cat\/\" target=\"_blank\" rel=\"noopener\" data-saferedirecturl=\"https:\/\/www.google.com\/url?q=http:\/\/uapgirona.cat&amp;source=gmail&amp;ust=1645003493769000&amp;usg=AOvVaw3IJAv8VJLH9RBZIuD9r-4n\">uapgirona.cat<\/a>. Tamb\u00e9 s&#8217;hi troben imatges i videos d&#8217;edicions anteriors.<\/p>\n","protected":false},"excerpt":{"rendered":"<p>La UAP \u00e9s un projecte solidari on participem molts instituts de la prov\u00edncia de Girona. Liderat pels professors de m\u00fasica dels diferents instituts amb la idea de fer servir la m\u00fasica i el cant per fomentar valors com ara la pau (per aix\u00f2 sempre s&#8217;estrena&hellip;  <a href=\"https:\/\/agora.xtec.cat\/iesdecelra\/cursos\/eso\/eso-1\/un-any-mes-participem-a-la-uap-22\/\" title=\"Read UN ANY M\u00c9S, PARTICIPEM A LA UAP22\">Llegeix m\u00e9s\u00bb<\/a><\/p>\n","protected":false},"author":1,"featured_media":5944,"comment_status":"open","ping_status":"closed","sticky":false,"template":"","format":"standard","meta":{"_bbp_topic_count":0,"_bbp_reply_count":0,"_bbp_total_topic_count":0,"_bbp_total_reply_count":0,"_bbp_voice_count":0,"_bbp_anonymous_reply_count":0,"_bbp_topic_count_hidden":0,"_bbp_reply_count_hidden":0,"_bbp_forum_subforum_count":0,"footnotes":""},"categories":[103,4],"tags":[309,164],"class_list":["post-5943","post","type-post","status-publish","format-standard","has-post-thumbnail","hentry","category-actualitat","category-eso-1","tag-curs-2021-2022","tag-uap"],"post_mailing_queue_ids":[],"_links":{"self":[{"href":"https:\/\/agora.xtec.cat\/iesdecelra\/wp-json\/wp\/v2\/posts\/5943","targetHints":{"allow":["GET"]}}],"collection":[{"href":"https:\/\/agora.xtec.cat\/iesdecelra\/wp-json\/wp\/v2\/posts"}],"about":[{"href":"https:\/\/agora.xtec.cat\/iesdecelra\/wp-json\/wp\/v2\/types\/post"}],"author":[{"embeddable":true,"href":"https:\/\/agora.xtec.cat\/iesdecelra\/wp-json\/wp\/v2\/users\/1"}],"replies":[{"embeddable":true,"href":"https:\/\/agora.xtec.cat\/iesdecelra\/wp-json\/wp\/v2\/comments?post=5943"}],"version-history":[{"count":3,"href":"https:\/\/agora.xtec.cat\/iesdecelra\/wp-json\/wp\/v2\/posts\/5943\/revisions"}],"predecessor-version":[{"id":5947,"href":"https:\/\/agora.xtec.cat\/iesdecelra\/wp-json\/wp\/v2\/posts\/5943\/revisions\/5947"}],"wp:featuredmedia":[{"embeddable":true,"href":"https:\/\/agora.xtec.cat\/iesdecelra\/wp-json\/wp\/v2\/media\/5944"}],"wp:attachment":[{"href":"https:\/\/agora.xtec.cat\/iesdecelra\/wp-json\/wp\/v2\/media?parent=5943"}],"wp:term":[{"taxonomy":"category","embeddable":true,"href":"https:\/\/agora.xtec.cat\/iesdecelra\/wp-json\/wp\/v2\/categories?post=5943"},{"taxonomy":"post_tag","embeddable":true,"href":"https:\/\/agora.xtec.cat\/iesdecelra\/wp-json\/wp\/v2\/tags?post=5943"}],"curies":[{"name":"wp","href":"https:\/\/api.w.org\/{rel}","templated":true}]}}