{"id":5876,"date":"2022-02-09T11:33:51","date_gmt":"2022-02-09T10:33:51","guid":{"rendered":"https:\/\/agora.xtec.cat\/iesdecelra\/?p=5876"},"modified":"2022-02-09T11:39:29","modified_gmt":"2022-02-09T10:39:29","slug":"bookfacechallenge-a-linstitut-de-celra","status":"publish","type":"post","link":"https:\/\/agora.xtec.cat\/iesdecelra\/cursos\/eso\/eso-1\/bookfacechallenge-a-linstitut-de-celra\/","title":{"rendered":"#BOOKFACECHALLENGE A L&#8217;INSTITUT DE CELR\u00c0"},"content":{"rendered":"<table style=\"border-collapse: collapse; width: 100%;\">\n<tbody>\n<tr>\n<td style=\"width: 25%;\"><img loading=\"lazy\" decoding=\"async\" class=\"aligncenter size-full wp-image-5891\" src=\"https:\/\/agora.xtec.cat\/iesdecelra\/wp-content\/uploads\/usu1789\/2022\/02\/Copia-de-IMG_20211216_132417-scaled.jpg\" alt=\"\" width=\"1920\" height=\"2560\" srcset=\"https:\/\/agora.xtec.cat\/iesdecelra\/wp-content\/uploads\/usu1789\/2022\/02\/Copia-de-IMG_20211216_132417-scaled.jpg 1920w, https:\/\/agora.xtec.cat\/iesdecelra\/wp-content\/uploads\/usu1789\/2022\/02\/Copia-de-IMG_20211216_132417-225x300.jpg 225w, https:\/\/agora.xtec.cat\/iesdecelra\/wp-content\/uploads\/usu1789\/2022\/02\/Copia-de-IMG_20211216_132417-768x1024.jpg 768w, https:\/\/agora.xtec.cat\/iesdecelra\/wp-content\/uploads\/usu1789\/2022\/02\/Copia-de-IMG_20211216_132417-1152x1536.jpg 1152w, https:\/\/agora.xtec.cat\/iesdecelra\/wp-content\/uploads\/usu1789\/2022\/02\/Copia-de-IMG_20211216_132417-1536x2048.jpg 1536w\" sizes=\"auto, (max-width: 1920px) 100vw, 1920px\" \/><\/td>\n<td style=\"width: 25%;\"><img loading=\"lazy\" decoding=\"async\" class=\"aligncenter size-full wp-image-5897\" src=\"https:\/\/agora.xtec.cat\/iesdecelra\/wp-content\/uploads\/usu1789\/2022\/02\/Copia-de-IMG_20211213_131428-rotated.jpg\" alt=\"\" width=\"1500\" height=\"2000\" srcset=\"https:\/\/agora.xtec.cat\/iesdecelra\/wp-content\/uploads\/usu1789\/2022\/02\/Copia-de-IMG_20211213_131428-rotated.jpg 1500w, https:\/\/agora.xtec.cat\/iesdecelra\/wp-content\/uploads\/usu1789\/2022\/02\/Copia-de-IMG_20211213_131428-225x300.jpg 225w, https:\/\/agora.xtec.cat\/iesdecelra\/wp-content\/uploads\/usu1789\/2022\/02\/Copia-de-IMG_20211213_131428-768x1024.jpg 768w, https:\/\/agora.xtec.cat\/iesdecelra\/wp-content\/uploads\/usu1789\/2022\/02\/Copia-de-IMG_20211213_131428-1152x1536.jpg 1152w\" sizes=\"auto, (max-width: 1500px) 100vw, 1500px\" \/><\/td>\n<td style=\"width: 25%;\"><img loading=\"lazy\" decoding=\"async\" class=\"aligncenter size-full wp-image-5899\" src=\"https:\/\/agora.xtec.cat\/iesdecelra\/wp-content\/uploads\/usu1789\/2022\/02\/Copia-de-IMG_20211213_131822-rotated.jpg\" alt=\"\" width=\"1500\" height=\"2000\" srcset=\"https:\/\/agora.xtec.cat\/iesdecelra\/wp-content\/uploads\/usu1789\/2022\/02\/Copia-de-IMG_20211213_131822-rotated.jpg 1500w, https:\/\/agora.xtec.cat\/iesdecelra\/wp-content\/uploads\/usu1789\/2022\/02\/Copia-de-IMG_20211213_131822-225x300.jpg 225w, https:\/\/agora.xtec.cat\/iesdecelra\/wp-content\/uploads\/usu1789\/2022\/02\/Copia-de-IMG_20211213_131822-768x1024.jpg 768w, https:\/\/agora.xtec.cat\/iesdecelra\/wp-content\/uploads\/usu1789\/2022\/02\/Copia-de-IMG_20211213_131822-1152x1536.jpg 1152w\" sizes=\"auto, (max-width: 1500px) 100vw, 1500px\" \/><\/td>\n<td style=\"width: 25%;\"><img loading=\"lazy\" decoding=\"async\" class=\"aligncenter size-full wp-image-5900\" src=\"https:\/\/agora.xtec.cat\/iesdecelra\/wp-content\/uploads\/usu1789\/2022\/02\/20210917_121449-rotated.jpg\" alt=\"\" width=\"1512\" height=\"2016\" srcset=\"https:\/\/agora.xtec.cat\/iesdecelra\/wp-content\/uploads\/usu1789\/2022\/02\/20210917_121449-rotated.jpg 1512w, https:\/\/agora.xtec.cat\/iesdecelra\/wp-content\/uploads\/usu1789\/2022\/02\/20210917_121449-225x300.jpg 225w, https:\/\/agora.xtec.cat\/iesdecelra\/wp-content\/uploads\/usu1789\/2022\/02\/20210917_121449-768x1024.jpg 768w, https:\/\/agora.xtec.cat\/iesdecelra\/wp-content\/uploads\/usu1789\/2022\/02\/20210917_121449-1152x1536.jpg 1152w\" sizes=\"auto, (max-width: 1512px) 100vw, 1512px\" \/><\/td>\n<\/tr>\n<\/tbody>\n<\/table>\n<p style=\"text-align: justify;\">Les mat\u00e8ries de Castell\u00e0 i Projectes Europeus van unir a un grup d&#8217;alumnes de 1r i 3r d&#8217;ESO per participar en un #BookfaceChallenge. L&#8217;activitat s&#8217;ha emmarcat dins del projecte eTwinning &#8220;A world without books&#8221; que, juntament amb la participaci\u00f3 d&#8217;altres centres europeus, pret\u00e9n sensibilitzar als joves sobre la import\u00e0ncia dels llibres i la lectura.<\/p>\n<p style=\"text-align: justify;\">Els alumnes van poder passar una bona estona a la biblioteca del centre buscant la millor publicaci\u00f3 per formar part d&#8217;un repte que tamb\u00e9 gaudeix d&#8217;un gran seguiment a les xarxes socials. L&#8217;activitat va servir per acostar la lectura i la recerca de llibres des d&#8217;una vessant l\u00fadica i va ser aprofitada per explicar el funcionament, l&#8217;ordre, les normes i els recursos d&#8217;una biblioteca. Animem a la resta d&#8217;alumnes a seguir el repte!<\/p>\n<p>Us deixem un recull d&#8217;imatges del repte <a href=\"https:\/\/drive.google.com\/drive\/folders\/1O5x7mQGs7XpQ-Yj8iWSTkKx4xobmapV8?usp=sharing\">aqu\u00ed<\/a>.<\/p>\n","protected":false},"excerpt":{"rendered":"<p>Les mat\u00e8ries de Castell\u00e0 i Projectes Europeus van unir a un grup d&#8217;alumnes de 1r i 3r d&#8217;ESO per participar en un #BookfaceChallenge. L&#8217;activitat s&#8217;ha emmarcat dins del projecte eTwinning &#8220;A world without books&#8221; que, juntament amb la participaci\u00f3 d&#8217;altres centres europeus, pret\u00e9n sensibilitzar als&hellip;  <a href=\"https:\/\/agora.xtec.cat\/iesdecelra\/cursos\/eso\/eso-1\/bookfacechallenge-a-linstitut-de-celra\/\" title=\"Read #BOOKFACECHALLENGE A L&#8217;INSTITUT DE CELR\u00c0\">Llegeix m\u00e9s\u00bb<\/a><\/p>\n","protected":false},"author":1,"featured_media":5904,"comment_status":"open","ping_status":"closed","sticky":false,"template":"","format":"standard","meta":{"_bbp_topic_count":0,"_bbp_reply_count":0,"_bbp_total_topic_count":0,"_bbp_total_reply_count":0,"_bbp_voice_count":0,"_bbp_anonymous_reply_count":0,"_bbp_topic_count_hidden":0,"_bbp_reply_count_hidden":0,"_bbp_forum_subforum_count":0,"footnotes":""},"categories":[103,4,6,156,158],"tags":[309],"class_list":["post-5876","post","type-post","status-publish","format-standard","has-post-thumbnail","hentry","category-actualitat","category-eso-1","category-eso-3","category-european-projects","category-our-inout-projects","tag-curs-2021-2022"],"post_mailing_queue_ids":[],"_links":{"self":[{"href":"https:\/\/agora.xtec.cat\/iesdecelra\/wp-json\/wp\/v2\/posts\/5876","targetHints":{"allow":["GET"]}}],"collection":[{"href":"https:\/\/agora.xtec.cat\/iesdecelra\/wp-json\/wp\/v2\/posts"}],"about":[{"href":"https:\/\/agora.xtec.cat\/iesdecelra\/wp-json\/wp\/v2\/types\/post"}],"author":[{"embeddable":true,"href":"https:\/\/agora.xtec.cat\/iesdecelra\/wp-json\/wp\/v2\/users\/1"}],"replies":[{"embeddable":true,"href":"https:\/\/agora.xtec.cat\/iesdecelra\/wp-json\/wp\/v2\/comments?post=5876"}],"version-history":[{"count":3,"href":"https:\/\/agora.xtec.cat\/iesdecelra\/wp-json\/wp\/v2\/posts\/5876\/revisions"}],"predecessor-version":[{"id":5902,"href":"https:\/\/agora.xtec.cat\/iesdecelra\/wp-json\/wp\/v2\/posts\/5876\/revisions\/5902"}],"wp:featuredmedia":[{"embeddable":true,"href":"https:\/\/agora.xtec.cat\/iesdecelra\/wp-json\/wp\/v2\/media\/5904"}],"wp:attachment":[{"href":"https:\/\/agora.xtec.cat\/iesdecelra\/wp-json\/wp\/v2\/media?parent=5876"}],"wp:term":[{"taxonomy":"category","embeddable":true,"href":"https:\/\/agora.xtec.cat\/iesdecelra\/wp-json\/wp\/v2\/categories?post=5876"},{"taxonomy":"post_tag","embeddable":true,"href":"https:\/\/agora.xtec.cat\/iesdecelra\/wp-json\/wp\/v2\/tags?post=5876"}],"curies":[{"name":"wp","href":"https:\/\/api.w.org\/{rel}","templated":true}]}}