{"id":5871,"date":"2022-02-08T14:07:53","date_gmt":"2022-02-08T13:07:53","guid":{"rendered":"https:\/\/agora.xtec.cat\/iesdecelra\/?p=5871"},"modified":"2022-02-08T14:08:19","modified_gmt":"2022-02-08T13:08:19","slug":"english-around-the-world","status":"publish","type":"post","link":"https:\/\/agora.xtec.cat\/iesdecelra\/cursos\/eso\/eso-1\/english-around-the-world\/","title":{"rendered":"ENGLISH AROUND THE WORLD"},"content":{"rendered":"<p><img loading=\"lazy\" decoding=\"async\" class=\"aligncenter wp-image-5872\" src=\"https:\/\/agora.xtec.cat\/iesdecelra\/wp-content\/uploads\/usu1789\/2022\/02\/xerrada1.jpg\" alt=\"\" width=\"503\" height=\"377\" srcset=\"https:\/\/agora.xtec.cat\/iesdecelra\/wp-content\/uploads\/usu1789\/2022\/02\/xerrada1.jpg 1600w, https:\/\/agora.xtec.cat\/iesdecelra\/wp-content\/uploads\/usu1789\/2022\/02\/xerrada1-300x225.jpg 300w, https:\/\/agora.xtec.cat\/iesdecelra\/wp-content\/uploads\/usu1789\/2022\/02\/xerrada1-1024x768.jpg 1024w, https:\/\/agora.xtec.cat\/iesdecelra\/wp-content\/uploads\/usu1789\/2022\/02\/xerrada1-768x576.jpg 768w, https:\/\/agora.xtec.cat\/iesdecelra\/wp-content\/uploads\/usu1789\/2022\/02\/xerrada1-1536x1152.jpg 1536w, https:\/\/agora.xtec.cat\/iesdecelra\/wp-content\/uploads\/usu1789\/2022\/02\/xerrada1-200x150.jpg 200w\" sizes=\"auto, (max-width: 503px) 100vw, 503px\" \/><\/p>\n<p style=\"text-align: justify;\">La setmana passada van comen\u00e7ar les sessions culturals en angl\u00e8s que s&#8217;ofereixen, des del Departament de Lleng\u00fces Estrangeres, a tots els nivells d&#8217;ESO al llarg del curs. Els alumnes s&#8217;endinsen en el m\u00f3n anglosax\u00f3 i aprenen curiositats ben interessants, tot practicant la llengua anglesa.<\/p>\n<p><img loading=\"lazy\" decoding=\"async\" class=\"aligncenter wp-image-5873\" src=\"https:\/\/agora.xtec.cat\/iesdecelra\/wp-content\/uploads\/usu1789\/2022\/02\/xerrada0.jpg\" alt=\"\" width=\"393\" height=\"524\" srcset=\"https:\/\/agora.xtec.cat\/iesdecelra\/wp-content\/uploads\/usu1789\/2022\/02\/xerrada0.jpg 1200w, https:\/\/agora.xtec.cat\/iesdecelra\/wp-content\/uploads\/usu1789\/2022\/02\/xerrada0-225x300.jpg 225w, https:\/\/agora.xtec.cat\/iesdecelra\/wp-content\/uploads\/usu1789\/2022\/02\/xerrada0-768x1024.jpg 768w, https:\/\/agora.xtec.cat\/iesdecelra\/wp-content\/uploads\/usu1789\/2022\/02\/xerrada0-1152x1536.jpg 1152w\" sizes=\"auto, (max-width: 393px) 100vw, 393px\" \/><\/p>\n","protected":false},"excerpt":{"rendered":"<p>La setmana passada van comen\u00e7ar les sessions culturals en angl\u00e8s que s&#8217;ofereixen, des del Departament de Lleng\u00fces Estrangeres, a tots els nivells d&#8217;ESO al llarg del curs. Els alumnes s&#8217;endinsen en el m\u00f3n anglosax\u00f3 i aprenen curiositats ben interessants, tot practicant la llengua anglesa.<\/p>\n","protected":false},"author":1,"featured_media":5873,"comment_status":"open","ping_status":"closed","sticky":false,"template":"","format":"standard","meta":{"_bbp_topic_count":0,"_bbp_reply_count":0,"_bbp_total_topic_count":0,"_bbp_total_reply_count":0,"_bbp_voice_count":0,"_bbp_anonymous_reply_count":0,"_bbp_topic_count_hidden":0,"_bbp_reply_count_hidden":0,"_bbp_forum_subforum_count":0,"footnotes":""},"categories":[103,4,5,6,7],"tags":[309,160],"class_list":["post-5871","post","type-post","status-publish","format-standard","has-post-thumbnail","hentry","category-actualitat","category-eso-1","category-eso-2","category-eso-3","category-eso-4","tag-curs-2021-2022","tag-departament-llengues-estrangeres"],"post_mailing_queue_ids":[],"_links":{"self":[{"href":"https:\/\/agora.xtec.cat\/iesdecelra\/wp-json\/wp\/v2\/posts\/5871","targetHints":{"allow":["GET"]}}],"collection":[{"href":"https:\/\/agora.xtec.cat\/iesdecelra\/wp-json\/wp\/v2\/posts"}],"about":[{"href":"https:\/\/agora.xtec.cat\/iesdecelra\/wp-json\/wp\/v2\/types\/post"}],"author":[{"embeddable":true,"href":"https:\/\/agora.xtec.cat\/iesdecelra\/wp-json\/wp\/v2\/users\/1"}],"replies":[{"embeddable":true,"href":"https:\/\/agora.xtec.cat\/iesdecelra\/wp-json\/wp\/v2\/comments?post=5871"}],"version-history":[{"count":2,"href":"https:\/\/agora.xtec.cat\/iesdecelra\/wp-json\/wp\/v2\/posts\/5871\/revisions"}],"predecessor-version":[{"id":5875,"href":"https:\/\/agora.xtec.cat\/iesdecelra\/wp-json\/wp\/v2\/posts\/5871\/revisions\/5875"}],"wp:featuredmedia":[{"embeddable":true,"href":"https:\/\/agora.xtec.cat\/iesdecelra\/wp-json\/wp\/v2\/media\/5873"}],"wp:attachment":[{"href":"https:\/\/agora.xtec.cat\/iesdecelra\/wp-json\/wp\/v2\/media?parent=5871"}],"wp:term":[{"taxonomy":"category","embeddable":true,"href":"https:\/\/agora.xtec.cat\/iesdecelra\/wp-json\/wp\/v2\/categories?post=5871"},{"taxonomy":"post_tag","embeddable":true,"href":"https:\/\/agora.xtec.cat\/iesdecelra\/wp-json\/wp\/v2\/tags?post=5871"}],"curies":[{"name":"wp","href":"https:\/\/api.w.org\/{rel}","templated":true}]}}