{"id":5829,"date":"2022-02-02T11:39:21","date_gmt":"2022-02-02T10:39:21","guid":{"rendered":"https:\/\/agora.xtec.cat\/iesdecelra\/?p=5829"},"modified":"2022-02-02T11:41:44","modified_gmt":"2022-02-02T10:41:44","slug":"linstitut-de-celra-reconegut-amb-lacreditacio-erasmus","status":"publish","type":"post","link":"https:\/\/agora.xtec.cat\/iesdecelra\/actualitat\/linstitut-de-celra-reconegut-amb-lacreditacio-erasmus\/","title":{"rendered":"L&#8217;INSTITUT DE CELR\u00c0 RECONEGUT AMB L&#8217;ACREDITACI\u00d3 ERASMUS+"},"content":{"rendered":"<p><img loading=\"lazy\" decoding=\"async\" class=\"size-full wp-image-5830 aligncenter\" src=\"https:\/\/agora.xtec.cat\/iesdecelra\/wp-content\/uploads\/usu1789\/2022\/02\/EN-Co-Funded-by-the-EU_POS-2.png\" alt=\"\" width=\"4247\" height=\"891\" \/><\/p>\n<p style=\"text-align: justify;\"><span style=\"font-weight: 400;\">L&#8217;Institut de Celr\u00e0 acaba d&#8217;obtenir l&#8217;Acreditaci\u00f3 Erasmus+ KA120 (2022-2027) d&#8217;Educaci\u00f3 Escolar concedit per l&#8217;Ag\u00e8ncia Nacional Europea (SEPIE). Aix\u00f2 implica la participaci\u00f3, financiaci\u00f3 i facilitaci\u00f3 en la realitzaci\u00f3 de projectes europeus durant el per\u00edode de temps compr\u00e8s entre el 2022-2027.<\/span><\/p>\n<p style=\"text-align: justify;\"><span style=\"font-weight: 400;\">Reconegut enguany com a Centre Ambaixador Europeu i dins del m<\/span><span style=\"font-weight: 400;\">arc dels Projectes Europeus Erasmus+ que l&#8217;Institut de Celr\u00e0 realitza des del 2019, el projecte aprovat per obtenir l&#8217;acreditaci\u00f3 Erasmus+ versa sobre la necessitat de potenciar una mirada inclusiva a les pr\u00e0ctiques desenvolupades al centre, aix\u00ed com aprendre i compartir pr\u00e0ctiques inclusives amb d&#8217;altres centres europeus, implicant tant als alumnes com al claustre de professorat i les fam\u00edlies.\u00a0<\/span><\/p>\n<p style=\"text-align: justify;\"><span style=\"font-weight: 400;\">El programa es planteja 3 objectius prioritaris:\u00a0<\/span><\/p>\n<ol>\n<li style=\"text-align: justify;\"><span style=\"font-weight: 400;\"> Provar noves metodologies d&#8217;aula que permetin garantir que tot l&#8217;alumnat, independentment de les condicions i caracter\u00edstiques personals, desenvolupi al m\u00e0xim possible les seves capacitats.<\/span><\/li>\n<li style=\"text-align: justify;\"><span style=\"font-weight: 400;\"> Aprofundir en l&#8217;avaluaci\u00f3 com un mecanisme de regulaci\u00f3 del proc\u00e9s d&#8217;ensenyament-aprenentatge.<\/span><\/li>\n<li style=\"text-align: justify;\"><span style=\"font-weight: 400;\"> Implicar a la comunitat educativa i a les fam\u00edlies del centre en programes d&#8217;inclusi\u00f3 i fer una revisi\u00f3 detallada del centre educatiu proposant l\u00ednies d&#8217;actuaci\u00f3, tamb\u00e9 des d&#8217;una perspectiva europea, per reduir les barreres d&#8217;aprenentatge, participaci\u00f3 i relaci\u00f3 de tots els alumnes.<\/span><\/li>\n<\/ol>\n<p><span style=\"font-weight: 400;\">@Europe_INSCelra<\/span><\/p>\n","protected":false},"excerpt":{"rendered":"<p>L&#8217;Institut de Celr\u00e0 acaba d&#8217;obtenir l&#8217;Acreditaci\u00f3 Erasmus+ KA120 (2022-2027) d&#8217;Educaci\u00f3 Escolar concedit per l&#8217;Ag\u00e8ncia Nacional Europea (SEPIE). Aix\u00f2 implica la participaci\u00f3, financiaci\u00f3 i facilitaci\u00f3 en la realitzaci\u00f3 de projectes europeus durant el per\u00edode de temps compr\u00e8s entre el 2022-2027.<br \/>\nReconegut enguany com a Centre Ambaixador Europeu&hellip;  <a href=\"https:\/\/agora.xtec.cat\/iesdecelra\/actualitat\/linstitut-de-celra-reconegut-amb-lacreditacio-erasmus\/\" title=\"Read L&#8217;INSTITUT DE CELR\u00c0 RECONEGUT AMB L&#8217;ACREDITACI\u00d3 ERASMUS+\">Llegeix m\u00e9s\u00bb<\/a><\/p>\n","protected":false},"author":1,"featured_media":5824,"comment_status":"open","ping_status":"closed","sticky":false,"template":"","format":"standard","meta":{"_bbp_topic_count":0,"_bbp_reply_count":0,"_bbp_total_topic_count":0,"_bbp_total_reply_count":0,"_bbp_voice_count":0,"_bbp_anonymous_reply_count":0,"_bbp_topic_count_hidden":0,"_bbp_reply_count_hidden":0,"_bbp_forum_subforum_count":0,"footnotes":""},"categories":[103,156,158],"tags":[309,245],"class_list":["post-5829","post","type-post","status-publish","format-standard","has-post-thumbnail","hentry","category-actualitat","category-european-projects","category-our-inout-projects","tag-curs-2021-2022","tag-erasmus"],"post_mailing_queue_ids":[],"_links":{"self":[{"href":"https:\/\/agora.xtec.cat\/iesdecelra\/wp-json\/wp\/v2\/posts\/5829","targetHints":{"allow":["GET"]}}],"collection":[{"href":"https:\/\/agora.xtec.cat\/iesdecelra\/wp-json\/wp\/v2\/posts"}],"about":[{"href":"https:\/\/agora.xtec.cat\/iesdecelra\/wp-json\/wp\/v2\/types\/post"}],"author":[{"embeddable":true,"href":"https:\/\/agora.xtec.cat\/iesdecelra\/wp-json\/wp\/v2\/users\/1"}],"replies":[{"embeddable":true,"href":"https:\/\/agora.xtec.cat\/iesdecelra\/wp-json\/wp\/v2\/comments?post=5829"}],"version-history":[{"count":1,"href":"https:\/\/agora.xtec.cat\/iesdecelra\/wp-json\/wp\/v2\/posts\/5829\/revisions"}],"predecessor-version":[{"id":5831,"href":"https:\/\/agora.xtec.cat\/iesdecelra\/wp-json\/wp\/v2\/posts\/5829\/revisions\/5831"}],"wp:featuredmedia":[{"embeddable":true,"href":"https:\/\/agora.xtec.cat\/iesdecelra\/wp-json\/wp\/v2\/media\/5824"}],"wp:attachment":[{"href":"https:\/\/agora.xtec.cat\/iesdecelra\/wp-json\/wp\/v2\/media?parent=5829"}],"wp:term":[{"taxonomy":"category","embeddable":true,"href":"https:\/\/agora.xtec.cat\/iesdecelra\/wp-json\/wp\/v2\/categories?post=5829"},{"taxonomy":"post_tag","embeddable":true,"href":"https:\/\/agora.xtec.cat\/iesdecelra\/wp-json\/wp\/v2\/tags?post=5829"}],"curies":[{"name":"wp","href":"https:\/\/api.w.org\/{rel}","templated":true}]}}