{"id":5819,"date":"2022-01-27T13:16:23","date_gmt":"2022-01-27T12:16:23","guid":{"rendered":"https:\/\/agora.xtec.cat\/iesdecelra\/?p=5819"},"modified":"2022-01-27T13:21:00","modified_gmt":"2022-01-27T12:21:00","slug":"la-diada-es-posposa","status":"publish","type":"post","link":"https:\/\/agora.xtec.cat\/iesdecelra\/actualitat\/la-diada-es-posposa\/","title":{"rendered":"LA SITUACI\u00d3 SANIT\u00c0RIA OBLIGA A POSPOSAR LA DIADA"},"content":{"rendered":"<p>Donada la situaci\u00f3 sanit\u00e0ria actual, s&#8217;ha decidit posposar la Diada de l&#8217;institut que s&#8217;havia de celebrar dem\u00e0 divendres 28 de gener. Aquest curs, la seva celebraci\u00f3 girava entorn del 25\u00e8 aniversari del nostre institut. La nova data escollida \u00e9s el divendres 1 d&#8217;abril.<\/p>\n","protected":false},"excerpt":{"rendered":"<p>Donada la situaci\u00f3 sanit\u00e0ria actual, s&#8217;ha decidit posposar la Diada de l&#8217;institut que s&#8217;havia de celebrar dem\u00e0 divendres 28 de gener. Aquest curs, la seva celebraci\u00f3 girava entorn del 25\u00e8 aniversari del nostre institut. La nova data escollida \u00e9s el divendres 1 d&#8217;abril.<\/p>\n","protected":false},"author":1,"featured_media":5316,"comment_status":"open","ping_status":"closed","sticky":false,"template":"","format":"standard","meta":{"_bbp_topic_count":0,"_bbp_reply_count":0,"_bbp_total_topic_count":0,"_bbp_total_reply_count":0,"_bbp_voice_count":0,"_bbp_anonymous_reply_count":0,"_bbp_topic_count_hidden":0,"_bbp_reply_count_hidden":0,"_bbp_forum_subforum_count":0,"footnotes":""},"categories":[103],"tags":[309,169],"class_list":["post-5819","post","type-post","status-publish","format-standard","has-post-thumbnail","hentry","category-actualitat","tag-curs-2021-2022","tag-diada"],"post_mailing_queue_ids":[],"_links":{"self":[{"href":"https:\/\/agora.xtec.cat\/iesdecelra\/wp-json\/wp\/v2\/posts\/5819","targetHints":{"allow":["GET"]}}],"collection":[{"href":"https:\/\/agora.xtec.cat\/iesdecelra\/wp-json\/wp\/v2\/posts"}],"about":[{"href":"https:\/\/agora.xtec.cat\/iesdecelra\/wp-json\/wp\/v2\/types\/post"}],"author":[{"embeddable":true,"href":"https:\/\/agora.xtec.cat\/iesdecelra\/wp-json\/wp\/v2\/users\/1"}],"replies":[{"embeddable":true,"href":"https:\/\/agora.xtec.cat\/iesdecelra\/wp-json\/wp\/v2\/comments?post=5819"}],"version-history":[{"count":3,"href":"https:\/\/agora.xtec.cat\/iesdecelra\/wp-json\/wp\/v2\/posts\/5819\/revisions"}],"predecessor-version":[{"id":5822,"href":"https:\/\/agora.xtec.cat\/iesdecelra\/wp-json\/wp\/v2\/posts\/5819\/revisions\/5822"}],"wp:featuredmedia":[{"embeddable":true,"href":"https:\/\/agora.xtec.cat\/iesdecelra\/wp-json\/wp\/v2\/media\/5316"}],"wp:attachment":[{"href":"https:\/\/agora.xtec.cat\/iesdecelra\/wp-json\/wp\/v2\/media?parent=5819"}],"wp:term":[{"taxonomy":"category","embeddable":true,"href":"https:\/\/agora.xtec.cat\/iesdecelra\/wp-json\/wp\/v2\/categories?post=5819"},{"taxonomy":"post_tag","embeddable":true,"href":"https:\/\/agora.xtec.cat\/iesdecelra\/wp-json\/wp\/v2\/tags?post=5819"}],"curies":[{"name":"wp","href":"https:\/\/api.w.org\/{rel}","templated":true}]}}