{"id":5803,"date":"2022-01-26T09:39:35","date_gmt":"2022-01-26T08:39:35","guid":{"rendered":"https:\/\/agora.xtec.cat\/iesdecelra\/?p=5803"},"modified":"2022-01-26T09:49:36","modified_gmt":"2022-01-26T08:49:36","slug":"tallers-deducacio-financera-a-les-escoles","status":"publish","type":"post","link":"https:\/\/agora.xtec.cat\/iesdecelra\/cursos\/eso\/eso-4\/tallers-deducacio-financera-a-les-escoles\/","title":{"rendered":"TALLERS D\u2019EDUCACI\u00d3 FINANCERA A LES ESCOLES"},"content":{"rendered":"<p style=\"text-align: justify;\"><span style=\"font-weight: 400;\">Avui, dilluns 24 de gener, els alumnes de 4t d\u2019ESO de l\u2019optativa d\u2019Economia han participat en un dels tallers organitzats per l\u2019Institut d\u2019Estudis Financers, el Departament d\u2019Ensenyament, la Vicepresid\u00e8ncia d\u2019Economia i Hisenda de la Generalitat i diferents entitats financeres.<\/span><\/p>\n<p style=\"text-align: justify;\"><span style=\"font-weight: 400;\">L\u2019objectiu dels tallers \u00e9s formar els joves perqu\u00e8 prenguin decisions financeres amb coneixement, que tinguin millors compet\u00e8ncies per a poder gestionar i augmentar els estalvis i evitar episodis com l\u2019endeutament o l\u2019exclusi\u00f3 financera.<\/span><\/p>\n<p style=\"text-align: justify;\"><span style=\"font-weight: 400;\">Aquests tallers de formaci\u00f3 financera b\u00e0sica i pr\u00e0ctica, s\u00f3n portats a terme per treballadors del sector bancari-financer (voluntaris) amb material dissenyat exclusivament per a aquest programa.<\/span><\/p>\n<p style=\"text-align: justify;\"><span style=\"font-weight: 400;\">Aquest\u00a0 taller on hem participat ha estat: <\/span><b>\u201cEndeutar-se? Amb seny!<\/b><\/p>\n<p style=\"text-align: justify;\"><span style=\"font-weight: 400;\">I properament participarem en el taller: <\/span><b>\u201cFinances per a la vida\u201d<\/b><\/p>\n<p><img loading=\"lazy\" decoding=\"async\" class=\"aligncenter size-full wp-image-5804\" src=\"https:\/\/agora.xtec.cat\/iesdecelra\/wp-content\/uploads\/usu1789\/2022\/01\/WhatsApp-Image-2022-01-24-at-14.48.14.jpeg\" alt=\"\" width=\"1024\" height=\"768\" srcset=\"https:\/\/agora.xtec.cat\/iesdecelra\/wp-content\/uploads\/usu1789\/2022\/01\/WhatsApp-Image-2022-01-24-at-14.48.14.jpeg 1024w, https:\/\/agora.xtec.cat\/iesdecelra\/wp-content\/uploads\/usu1789\/2022\/01\/WhatsApp-Image-2022-01-24-at-14.48.14-300x225.jpeg 300w, https:\/\/agora.xtec.cat\/iesdecelra\/wp-content\/uploads\/usu1789\/2022\/01\/WhatsApp-Image-2022-01-24-at-14.48.14-768x576.jpeg 768w, https:\/\/agora.xtec.cat\/iesdecelra\/wp-content\/uploads\/usu1789\/2022\/01\/WhatsApp-Image-2022-01-24-at-14.48.14-200x150.jpeg 200w\" sizes=\"auto, (max-width: 1024px) 100vw, 1024px\" \/><\/p>\n","protected":false},"excerpt":{"rendered":"<p>Avui, dilluns 24 de gener, els alumnes de 4t d\u2019ESO de l\u2019optativa d\u2019Economia han participat en un dels tallers organitzats per l\u2019Institut d\u2019Estudis Financers, el Departament d\u2019Ensenyament, la Vicepresid\u00e8ncia d\u2019Economia i Hisenda de la Generalitat i diferents entitats financeres.<br \/>\nL\u2019objectiu dels tallers \u00e9s formar els joves&hellip;  <a href=\"https:\/\/agora.xtec.cat\/iesdecelra\/cursos\/eso\/eso-4\/tallers-deducacio-financera-a-les-escoles\/\" title=\"Read TALLERS D\u2019EDUCACI\u00d3 FINANCERA A LES ESCOLES\">Llegeix m\u00e9s\u00bb<\/a><\/p>\n","protected":false},"author":1,"featured_media":5804,"comment_status":"open","ping_status":"closed","sticky":false,"template":"","format":"standard","meta":{"_bbp_topic_count":0,"_bbp_reply_count":0,"_bbp_total_topic_count":0,"_bbp_total_reply_count":0,"_bbp_voice_count":0,"_bbp_anonymous_reply_count":0,"_bbp_topic_count_hidden":0,"_bbp_reply_count_hidden":0,"_bbp_forum_subforum_count":0,"footnotes":""},"categories":[103,7],"tags":[309,161],"class_list":["post-5803","post","type-post","status-publish","format-standard","has-post-thumbnail","hentry","category-actualitat","category-eso-4","tag-curs-2021-2022","tag-economia"],"post_mailing_queue_ids":[],"_links":{"self":[{"href":"https:\/\/agora.xtec.cat\/iesdecelra\/wp-json\/wp\/v2\/posts\/5803","targetHints":{"allow":["GET"]}}],"collection":[{"href":"https:\/\/agora.xtec.cat\/iesdecelra\/wp-json\/wp\/v2\/posts"}],"about":[{"href":"https:\/\/agora.xtec.cat\/iesdecelra\/wp-json\/wp\/v2\/types\/post"}],"author":[{"embeddable":true,"href":"https:\/\/agora.xtec.cat\/iesdecelra\/wp-json\/wp\/v2\/users\/1"}],"replies":[{"embeddable":true,"href":"https:\/\/agora.xtec.cat\/iesdecelra\/wp-json\/wp\/v2\/comments?post=5803"}],"version-history":[{"count":3,"href":"https:\/\/agora.xtec.cat\/iesdecelra\/wp-json\/wp\/v2\/posts\/5803\/revisions"}],"predecessor-version":[{"id":5807,"href":"https:\/\/agora.xtec.cat\/iesdecelra\/wp-json\/wp\/v2\/posts\/5803\/revisions\/5807"}],"wp:featuredmedia":[{"embeddable":true,"href":"https:\/\/agora.xtec.cat\/iesdecelra\/wp-json\/wp\/v2\/media\/5804"}],"wp:attachment":[{"href":"https:\/\/agora.xtec.cat\/iesdecelra\/wp-json\/wp\/v2\/media?parent=5803"}],"wp:term":[{"taxonomy":"category","embeddable":true,"href":"https:\/\/agora.xtec.cat\/iesdecelra\/wp-json\/wp\/v2\/categories?post=5803"},{"taxonomy":"post_tag","embeddable":true,"href":"https:\/\/agora.xtec.cat\/iesdecelra\/wp-json\/wp\/v2\/tags?post=5803"}],"curies":[{"name":"wp","href":"https:\/\/api.w.org\/{rel}","templated":true}]}}