{"id":5714,"date":"2021-12-21T10:37:08","date_gmt":"2021-12-21T09:37:08","guid":{"rendered":"https:\/\/agora.xtec.cat\/iesdecelra\/?p=5714"},"modified":"2022-01-26T12:08:30","modified_gmt":"2022-01-26T11:08:30","slug":"lalcalde-de-celra-rep-els-ambaixadors-europeus-junior-de-linstitut","status":"publish","type":"post","link":"https:\/\/agora.xtec.cat\/iesdecelra\/cursos\/eso\/eso-4\/lalcalde-de-celra-rep-els-ambaixadors-europeus-junior-de-linstitut\/","title":{"rendered":"L&#8217;ALCALDE DE CELR\u00c0 REP ELS AMBAIXADORS EUROPEUS J\u00daNIOR DE L&#8217;INSTITUT"},"content":{"rendered":"<p style=\"text-align: justify;\"><span style=\"font-weight: 400;\">Una delegaci\u00f3 de l\u2019Institut de Celr\u00e0 formada per un grup d&#8217;alumnes de 4rt d&#8217;ESO, la directora i la coordinadora de projectes europeus, ha estat rebuda per l&#8217;alcalde de Celr\u00e0, Il.lm Sr. David Planas, en un acte institucional on s\u2019han atorgat les acreditacions que reconeixen als alumnes Ambaixadors Europeus J\u00fanior, donat que l\u2019Institut de Celr\u00e0 ha estat reconegut aquest any com a Centre Ambaixador Europeu.<\/span><\/p>\n<p style=\"text-align: justify;\"><span style=\"font-weight: 400;\">Els escollits com a Ambaixadors J\u00fanior Europeus van haver d&#8217;omplir un formulari on se&#8217;ls va valorar, entre d&#8217;altres aspectes, la seva motivaci\u00f3 i comprom\u00eds pel projecte.\u00a0<\/span><\/p>\n<p style=\"text-align: justify;\"><span style=\"font-weight: 400;\">Des de l&#8217;alcaldia se&#8217;ls ha animat a participar activament de les propostes europees per a joves que el Parlament Europeu els oferir\u00e0 durant el curs escolar, aix\u00ed com a aportar el seu coneixement i a donar la seva visi\u00f3 cr\u00edtica i responsable sobre temes de la Uni\u00f3 Europea com el Pla Europeu NextGenerationEU o el Pacte Verd Europeu, entre d&#8217;altres. L&#8217;alcalde tamb\u00e9 els ha informat dels projectes actuals al poble amb fons europeu com la reforma de Torre Desvern i el centre d&#8217;interpretaci\u00f3 de les Gavarres.<\/span><\/p>\n<p style=\"text-align: justify;\"><span style=\"font-weight: 400;\">Els Ambaixadors Europeu J\u00fanior s&#8217;han comprom\u00e8s a mantenir contactes amb l&#8217;alcaldia durant el curs per informar dels projectes o iniciatives europees en qu\u00e8 participin.<\/span><\/p>\n<p style=\"text-align: justify;\"><span style=\"font-weight: 400;\">Felicitem i animem als, ja oficialment, Ambaixadors Europeus J\u00fanior de l\u2019Institut i el poble de Celr\u00e0: Gerard Capuz, Lluc Coronel, Gina Fontan\u00e9, Mariona Frigola, Mireia Grabulosa, Laia Hip\u00f2lit, Oriol Mira, Marc Planas, Greta Tarrida i Berta Valenzuela.<\/span><\/p>\n<table style=\"border-collapse: collapse; width: 100%;\">\n<tbody>\n<tr>\n<td style=\"width: 50%;\"><img loading=\"lazy\" decoding=\"async\" class=\"aligncenter size-full wp-image-5716\" src=\"https:\/\/agora.xtec.cat\/iesdecelra\/wp-content\/uploads\/usu1789\/2021\/12\/IMG_1319-scaled.jpg\" alt=\"\" width=\"2560\" height=\"1920\" srcset=\"https:\/\/agora.xtec.cat\/iesdecelra\/wp-content\/uploads\/usu1789\/2021\/12\/IMG_1319-scaled.jpg 2560w, https:\/\/agora.xtec.cat\/iesdecelra\/wp-content\/uploads\/usu1789\/2021\/12\/IMG_1319-300x225.jpg 300w, https:\/\/agora.xtec.cat\/iesdecelra\/wp-content\/uploads\/usu1789\/2021\/12\/IMG_1319-1024x768.jpg 1024w, https:\/\/agora.xtec.cat\/iesdecelra\/wp-content\/uploads\/usu1789\/2021\/12\/IMG_1319-768x576.jpg 768w, https:\/\/agora.xtec.cat\/iesdecelra\/wp-content\/uploads\/usu1789\/2021\/12\/IMG_1319-1536x1152.jpg 1536w, https:\/\/agora.xtec.cat\/iesdecelra\/wp-content\/uploads\/usu1789\/2021\/12\/IMG_1319-2048x1536.jpg 2048w, https:\/\/agora.xtec.cat\/iesdecelra\/wp-content\/uploads\/usu1789\/2021\/12\/IMG_1319-200x150.jpg 200w\" sizes=\"auto, (max-width: 2560px) 100vw, 2560px\" \/><\/td>\n<td style=\"width: 50%;\"><img loading=\"lazy\" decoding=\"async\" class=\"aligncenter size-full wp-image-5717\" src=\"https:\/\/agora.xtec.cat\/iesdecelra\/wp-content\/uploads\/usu1789\/2021\/12\/IMG_1318-scaled.jpg\" alt=\"\" width=\"2560\" height=\"1920\" srcset=\"https:\/\/agora.xtec.cat\/iesdecelra\/wp-content\/uploads\/usu1789\/2021\/12\/IMG_1318-scaled.jpg 2560w, https:\/\/agora.xtec.cat\/iesdecelra\/wp-content\/uploads\/usu1789\/2021\/12\/IMG_1318-300x225.jpg 300w, https:\/\/agora.xtec.cat\/iesdecelra\/wp-content\/uploads\/usu1789\/2021\/12\/IMG_1318-1024x768.jpg 1024w, https:\/\/agora.xtec.cat\/iesdecelra\/wp-content\/uploads\/usu1789\/2021\/12\/IMG_1318-768x576.jpg 768w, https:\/\/agora.xtec.cat\/iesdecelra\/wp-content\/uploads\/usu1789\/2021\/12\/IMG_1318-1536x1152.jpg 1536w, https:\/\/agora.xtec.cat\/iesdecelra\/wp-content\/uploads\/usu1789\/2021\/12\/IMG_1318-2048x1536.jpg 2048w, https:\/\/agora.xtec.cat\/iesdecelra\/wp-content\/uploads\/usu1789\/2021\/12\/IMG_1318-200x150.jpg 200w\" sizes=\"auto, (max-width: 2560px) 100vw, 2560px\" \/><\/td>\n<\/tr>\n<tr>\n<td style=\"width: 50%;\"><img loading=\"lazy\" decoding=\"async\" class=\"aligncenter size-full wp-image-5719\" src=\"https:\/\/agora.xtec.cat\/iesdecelra\/wp-content\/uploads\/usu1789\/2021\/12\/20211211_120138-1.jpg\" alt=\"\" width=\"1021\" height=\"755\" srcset=\"https:\/\/agora.xtec.cat\/iesdecelra\/wp-content\/uploads\/usu1789\/2021\/12\/20211211_120138-1.jpg 1021w, https:\/\/agora.xtec.cat\/iesdecelra\/wp-content\/uploads\/usu1789\/2021\/12\/20211211_120138-1-300x222.jpg 300w, https:\/\/agora.xtec.cat\/iesdecelra\/wp-content\/uploads\/usu1789\/2021\/12\/20211211_120138-1-768x568.jpg 768w\" sizes=\"auto, (max-width: 1021px) 100vw, 1021px\" \/><\/td>\n<td style=\"width: 50%;\"><img loading=\"lazy\" decoding=\"async\" class=\"aligncenter size-full wp-image-5718\" src=\"https:\/\/agora.xtec.cat\/iesdecelra\/wp-content\/uploads\/usu1789\/2021\/12\/IMG_1324-scaled.jpg\" alt=\"\" width=\"2560\" height=\"1920\" srcset=\"https:\/\/agora.xtec.cat\/iesdecelra\/wp-content\/uploads\/usu1789\/2021\/12\/IMG_1324-scaled.jpg 2560w, https:\/\/agora.xtec.cat\/iesdecelra\/wp-content\/uploads\/usu1789\/2021\/12\/IMG_1324-300x225.jpg 300w, https:\/\/agora.xtec.cat\/iesdecelra\/wp-content\/uploads\/usu1789\/2021\/12\/IMG_1324-1024x768.jpg 1024w, https:\/\/agora.xtec.cat\/iesdecelra\/wp-content\/uploads\/usu1789\/2021\/12\/IMG_1324-768x576.jpg 768w, https:\/\/agora.xtec.cat\/iesdecelra\/wp-content\/uploads\/usu1789\/2021\/12\/IMG_1324-1536x1152.jpg 1536w, https:\/\/agora.xtec.cat\/iesdecelra\/wp-content\/uploads\/usu1789\/2021\/12\/IMG_1324-2048x1536.jpg 2048w, https:\/\/agora.xtec.cat\/iesdecelra\/wp-content\/uploads\/usu1789\/2021\/12\/IMG_1324-200x150.jpg 200w\" sizes=\"auto, (max-width: 2560px) 100vw, 2560px\" \/><\/td>\n<\/tr>\n<\/tbody>\n<\/table>\n","protected":false},"excerpt":{"rendered":"<p>Una delegaci\u00f3 de l\u2019Institut de Celr\u00e0 formada per un grup d&#8217;alumnes de 4rt d&#8217;ESO, la directora i la coordinadora de projectes europeus, ha estat rebuda per l&#8217;alcalde de Celr\u00e0, Il.lm Sr. David Planas, en un acte institucional on s\u2019han atorgat les acreditacions que reconeixen als&hellip;  <a href=\"https:\/\/agora.xtec.cat\/iesdecelra\/cursos\/eso\/eso-4\/lalcalde-de-celra-rep-els-ambaixadors-europeus-junior-de-linstitut\/\" title=\"Read L&#8217;ALCALDE DE CELR\u00c0 REP ELS AMBAIXADORS EUROPEUS J\u00daNIOR DE L&#8217;INSTITUT\">Llegeix m\u00e9s\u00bb<\/a><\/p>\n","protected":false},"author":1,"featured_media":5718,"comment_status":"open","ping_status":"closed","sticky":false,"template":"","format":"standard","meta":{"_bbp_topic_count":0,"_bbp_reply_count":0,"_bbp_total_topic_count":0,"_bbp_total_reply_count":0,"_bbp_voice_count":0,"_bbp_anonymous_reply_count":0,"_bbp_topic_count_hidden":0,"_bbp_reply_count_hidden":0,"_bbp_forum_subforum_count":0,"footnotes":""},"categories":[103,7,156,158],"tags":[323,309,301],"class_list":["post-5714","post","type-post","status-publish","format-standard","has-post-thumbnail","hentry","category-actualitat","category-eso-4","category-european-projects","category-our-inout-projects","tag-ambaixadors-europeus","tag-curs-2021-2022","tag-projectes-europeus"],"post_mailing_queue_ids":[],"_links":{"self":[{"href":"https:\/\/agora.xtec.cat\/iesdecelra\/wp-json\/wp\/v2\/posts\/5714","targetHints":{"allow":["GET"]}}],"collection":[{"href":"https:\/\/agora.xtec.cat\/iesdecelra\/wp-json\/wp\/v2\/posts"}],"about":[{"href":"https:\/\/agora.xtec.cat\/iesdecelra\/wp-json\/wp\/v2\/types\/post"}],"author":[{"embeddable":true,"href":"https:\/\/agora.xtec.cat\/iesdecelra\/wp-json\/wp\/v2\/users\/1"}],"replies":[{"embeddable":true,"href":"https:\/\/agora.xtec.cat\/iesdecelra\/wp-json\/wp\/v2\/comments?post=5714"}],"version-history":[{"count":2,"href":"https:\/\/agora.xtec.cat\/iesdecelra\/wp-json\/wp\/v2\/posts\/5714\/revisions"}],"predecessor-version":[{"id":5720,"href":"https:\/\/agora.xtec.cat\/iesdecelra\/wp-json\/wp\/v2\/posts\/5714\/revisions\/5720"}],"wp:featuredmedia":[{"embeddable":true,"href":"https:\/\/agora.xtec.cat\/iesdecelra\/wp-json\/wp\/v2\/media\/5718"}],"wp:attachment":[{"href":"https:\/\/agora.xtec.cat\/iesdecelra\/wp-json\/wp\/v2\/media?parent=5714"}],"wp:term":[{"taxonomy":"category","embeddable":true,"href":"https:\/\/agora.xtec.cat\/iesdecelra\/wp-json\/wp\/v2\/categories?post=5714"},{"taxonomy":"post_tag","embeddable":true,"href":"https:\/\/agora.xtec.cat\/iesdecelra\/wp-json\/wp\/v2\/tags?post=5714"}],"curies":[{"name":"wp","href":"https:\/\/api.w.org\/{rel}","templated":true}]}}