{"id":5702,"date":"2021-12-20T21:47:15","date_gmt":"2021-12-20T20:47:15","guid":{"rendered":"https:\/\/agora.xtec.cat\/iesdecelra\/?p=5702"},"modified":"2021-12-22T16:58:02","modified_gmt":"2021-12-22T15:58:02","slug":"a-lins-de-celra-aprenem-a-salvar-vides","status":"publish","type":"post","link":"https:\/\/agora.xtec.cat\/iesdecelra\/cursos\/eso\/a-lins-de-celra-aprenem-a-salvar-vides\/","title":{"rendered":"A L\u2019INS DE CELR\u00c0 APRENEM A SALVAR VIDES"},"content":{"rendered":"<p><span style=\"font-weight: 400;\">Com cada curs al nostre centre, des de fa 7 anys, l\u2019alumnat de 1r a 4t d\u2019ESO i de 1r de Batxillerat a les hores d\u2019EF aprenen a salvar vides. <\/span><span style=\"font-weight: 400;\">Al llarg del mes de desembre i fins a principis de gener, a les classes d\u2019EF, practiquem continguts de Primers Auxilis i de RCP (reanimaci\u00f3 cardiopulmonar). <\/span><span style=\"font-weight: 400;\">Aprenem a detectar si una persona accidentada est\u00e0 o no conscient, de si respira o no, si cal posar-la o no en Posici\u00f3 Lateral de Seguretat o b\u00e9 cal aplicar la RCP. Tamb\u00e9 a utilizar el desfibrilador amb una persona amb aturada card\u00edaca. <\/span><span style=\"font-weight: 400;\">A primer d\u2019ESO localitzen el desfibrilador m\u00e9s proper de la seva vivenda i del nostre centre, aprenen la PLS, la RCP i com utilitzar el desfibrilador. <\/span><span style=\"font-weight: 400;\">A segon es repassa el que van fer a 1r i comencen a fer simulacions de RCP. <\/span><span style=\"font-weight: 400;\">A 3r, 4t i Batxillerat entrenen per tal de saber com reaccionar en cas d\u2019haver d\u2019assistir a una persona accidentada o en aturada card\u00edaca.<\/span><\/p>\n<p><span style=\"font-weight: 400;\">Enguany hem pogut comptar amb l\u2019ajuda de l\u2019\u00c0lex P\u00e9rez, exalumne del nostre centre i t\u00e8cnic del SEM. <\/span><span style=\"font-weight: 400;\">Tamb\u00e9 ha vingut a explicar la seva experi\u00e8ncia personal en David Grau. <\/span><span style=\"font-weight: 400;\">Agra\u00efm als dos la seva aportaci\u00f3 amb l&#8217;alumnat del nostre centre.<\/span><\/p>\n<p><a href=\"https:\/\/drive.google.com\/drive\/folders\/1MYmd4okjWyB81NDqJ1IEof68VCbiXJBF?usp=sharing\"><img loading=\"lazy\" decoding=\"async\" class=\"aligncenter size-full wp-image-5709\" src=\"https:\/\/agora.xtec.cat\/iesdecelra\/wp-content\/uploads\/usu1789\/2021\/12\/Captura-de-pantalla-2021-12-20-a-les-21.46.23.png\" alt=\"\" width=\"952\" height=\"377\" srcset=\"https:\/\/agora.xtec.cat\/iesdecelra\/wp-content\/uploads\/usu1789\/2021\/12\/Captura-de-pantalla-2021-12-20-a-les-21.46.23.png 952w, https:\/\/agora.xtec.cat\/iesdecelra\/wp-content\/uploads\/usu1789\/2021\/12\/Captura-de-pantalla-2021-12-20-a-les-21.46.23-300x119.png 300w, https:\/\/agora.xtec.cat\/iesdecelra\/wp-content\/uploads\/usu1789\/2021\/12\/Captura-de-pantalla-2021-12-20-a-les-21.46.23-768x304.png 768w\" sizes=\"auto, (max-width: 952px) 100vw, 952px\" \/><\/a><\/p>\n<p><span style=\"font-weight: 400;\">Seguim aprenent a salvar vides!<\/span><\/p>\n<p><span style=\"font-weight: 400;\">Professorat d\u2019EF de l\u2019Ins de Celr\u00e0<\/span><\/p>\n","protected":false},"excerpt":{"rendered":"<p>Com cada curs al nostre centre, des de fa 7 anys, l\u2019alumnat de 1r a 4t d\u2019ESO i de 1r de Batxillerat a les hores d\u2019EF aprenen a salvar vides. Al llarg del mes de desembre i fins a principis de gener, a les classes&hellip;  <a href=\"https:\/\/agora.xtec.cat\/iesdecelra\/cursos\/eso\/a-lins-de-celra-aprenem-a-salvar-vides\/\" title=\"Read A L\u2019INS DE CELR\u00c0 APRENEM A SALVAR VIDES\">Llegeix m\u00e9s\u00bb<\/a><\/p>\n","protected":false},"author":1,"featured_media":5708,"comment_status":"open","ping_status":"closed","sticky":false,"template":"","format":"standard","meta":{"_bbp_topic_count":0,"_bbp_reply_count":0,"_bbp_total_topic_count":0,"_bbp_total_reply_count":0,"_bbp_voice_count":0,"_bbp_anonymous_reply_count":0,"_bbp_topic_count_hidden":0,"_bbp_reply_count_hidden":0,"_bbp_forum_subforum_count":0,"footnotes":""},"categories":[103,8,3],"tags":[309,134],"class_list":["post-5702","post","type-post","status-publish","format-standard","has-post-thumbnail","hentry","category-actualitat","category-batxillerat","category-eso","tag-curs-2021-2022","tag-departament-deducacio-fisica"],"post_mailing_queue_ids":[],"_links":{"self":[{"href":"https:\/\/agora.xtec.cat\/iesdecelra\/wp-json\/wp\/v2\/posts\/5702","targetHints":{"allow":["GET"]}}],"collection":[{"href":"https:\/\/agora.xtec.cat\/iesdecelra\/wp-json\/wp\/v2\/posts"}],"about":[{"href":"https:\/\/agora.xtec.cat\/iesdecelra\/wp-json\/wp\/v2\/types\/post"}],"author":[{"embeddable":true,"href":"https:\/\/agora.xtec.cat\/iesdecelra\/wp-json\/wp\/v2\/users\/1"}],"replies":[{"embeddable":true,"href":"https:\/\/agora.xtec.cat\/iesdecelra\/wp-json\/wp\/v2\/comments?post=5702"}],"version-history":[{"count":3,"href":"https:\/\/agora.xtec.cat\/iesdecelra\/wp-json\/wp\/v2\/posts\/5702\/revisions"}],"predecessor-version":[{"id":5733,"href":"https:\/\/agora.xtec.cat\/iesdecelra\/wp-json\/wp\/v2\/posts\/5702\/revisions\/5733"}],"wp:featuredmedia":[{"embeddable":true,"href":"https:\/\/agora.xtec.cat\/iesdecelra\/wp-json\/wp\/v2\/media\/5708"}],"wp:attachment":[{"href":"https:\/\/agora.xtec.cat\/iesdecelra\/wp-json\/wp\/v2\/media?parent=5702"}],"wp:term":[{"taxonomy":"category","embeddable":true,"href":"https:\/\/agora.xtec.cat\/iesdecelra\/wp-json\/wp\/v2\/categories?post=5702"},{"taxonomy":"post_tag","embeddable":true,"href":"https:\/\/agora.xtec.cat\/iesdecelra\/wp-json\/wp\/v2\/tags?post=5702"}],"curies":[{"name":"wp","href":"https:\/\/api.w.org\/{rel}","templated":true}]}}