{"id":5690,"date":"2021-12-13T17:25:43","date_gmt":"2021-12-13T16:25:43","guid":{"rendered":"https:\/\/agora.xtec.cat\/iesdecelra\/?p=5690"},"modified":"2021-12-14T08:33:16","modified_gmt":"2021-12-14T07:33:16","slug":"presentacio-del-projecte-como-una-cabra","status":"publish","type":"post","link":"https:\/\/agora.xtec.cat\/iesdecelra\/cursos\/batxillerat\/presentacio-del-projecte-como-una-cabra\/","title":{"rendered":"PRESENTACI\u00d3 DEL PROJECTE \u201cCOMO UNA CABRA\u201d"},"content":{"rendered":"<p style=\"text-align: justify;\"><span style=\"font-weight: 400;\">El passat dijous 9 de desembre, la Mar\u00eda Rodr\u00edguez, cofundadora del projecte \u201cComo una cabra\u201d ha ofert una xerrada als alumnes de primer de batxillerat de la mat\u00e8ria d\u2019Economia de l\u2019Empresa on ha presentat el seu projecte d\u2019assessorament a dones que busquen emprendre en entorns rurals. Ens ha explicat la hist\u00f2ria d\u2019aquest projecte, moltes an\u00e8cdotes de la seva experi\u00e8ncia com a emprenedora, ens ha fet veure les caracter\u00edstiques b\u00e0siques que han de tenir els emprenedors, ens ha parlat de la teoria de Saras sobre projectes d\u2019\u00e8xit i de la filosofia de vida dels japonesos anomenada IKIGAI.<\/span><\/p>\n<p style=\"text-align: justify;\"><span style=\"font-weight: 400;\">Ha estat una xerrada molt interessant on la Maria ha animat als alumnes a ser m\u00e9s emprenedors i on els hi ha fet veure nous models de negoci amb un impacte positiu en la societat i en el medi ambient.<\/span><\/p>\n<table style=\"border-collapse: collapse; width: 100%;\">\n<tbody>\n<tr>\n<td style=\"width: 33.3333%;\"><img loading=\"lazy\" decoding=\"async\" class=\"aligncenter wp-image-5691\" src=\"https:\/\/agora.xtec.cat\/iesdecelra\/wp-content\/uploads\/usu1789\/2021\/12\/WhatsApp-Image-2021-12-10-at-19.18.14.jpeg\" alt=\"\" width=\"236\" height=\"178\" srcset=\"https:\/\/agora.xtec.cat\/iesdecelra\/wp-content\/uploads\/usu1789\/2021\/12\/WhatsApp-Image-2021-12-10-at-19.18.14.jpeg 1024w, https:\/\/agora.xtec.cat\/iesdecelra\/wp-content\/uploads\/usu1789\/2021\/12\/WhatsApp-Image-2021-12-10-at-19.18.14-300x225.jpeg 300w, https:\/\/agora.xtec.cat\/iesdecelra\/wp-content\/uploads\/usu1789\/2021\/12\/WhatsApp-Image-2021-12-10-at-19.18.14-768x576.jpeg 768w, https:\/\/agora.xtec.cat\/iesdecelra\/wp-content\/uploads\/usu1789\/2021\/12\/WhatsApp-Image-2021-12-10-at-19.18.14-200x150.jpeg 200w\" sizes=\"auto, (max-width: 236px) 100vw, 236px\" \/><\/td>\n<td style=\"width: 33.3333%;\"><img loading=\"lazy\" decoding=\"async\" class=\"aligncenter wp-image-5692 size-full\" src=\"https:\/\/agora.xtec.cat\/iesdecelra\/wp-content\/uploads\/usu1789\/2021\/12\/WhatsApp-Image-2021-12-10-at-19.18.14-1-e1639240235538.jpeg\" alt=\"\" width=\"768\" height=\"606\" srcset=\"https:\/\/agora.xtec.cat\/iesdecelra\/wp-content\/uploads\/usu1789\/2021\/12\/WhatsApp-Image-2021-12-10-at-19.18.14-1-e1639240235538.jpeg 768w, https:\/\/agora.xtec.cat\/iesdecelra\/wp-content\/uploads\/usu1789\/2021\/12\/WhatsApp-Image-2021-12-10-at-19.18.14-1-e1639240235538-300x237.jpeg 300w\" sizes=\"auto, (max-width: 768px) 100vw, 768px\" \/><\/td>\n<td style=\"width: 33.3333%;\"><img loading=\"lazy\" decoding=\"async\" class=\"aligncenter wp-image-5693\" src=\"https:\/\/agora.xtec.cat\/iesdecelra\/wp-content\/uploads\/usu1789\/2021\/12\/WhatsApp-Image-2021-12-10-at-19.18.14-2.jpeg\" alt=\"\" width=\"238\" height=\"179\" srcset=\"https:\/\/agora.xtec.cat\/iesdecelra\/wp-content\/uploads\/usu1789\/2021\/12\/WhatsApp-Image-2021-12-10-at-19.18.14-2.jpeg 1024w, https:\/\/agora.xtec.cat\/iesdecelra\/wp-content\/uploads\/usu1789\/2021\/12\/WhatsApp-Image-2021-12-10-at-19.18.14-2-300x225.jpeg 300w, https:\/\/agora.xtec.cat\/iesdecelra\/wp-content\/uploads\/usu1789\/2021\/12\/WhatsApp-Image-2021-12-10-at-19.18.14-2-768x576.jpeg 768w, https:\/\/agora.xtec.cat\/iesdecelra\/wp-content\/uploads\/usu1789\/2021\/12\/WhatsApp-Image-2021-12-10-at-19.18.14-2-200x150.jpeg 200w\" sizes=\"auto, (max-width: 238px) 100vw, 238px\" \/><\/td>\n<\/tr>\n<\/tbody>\n<\/table>\n","protected":false},"excerpt":{"rendered":"<p>El passat dijous 9 de desembre, la Mar\u00eda Rodr\u00edguez, cofundadora del projecte \u201cComo una cabra\u201d ha ofert una xerrada als alumnes de primer de batxillerat de la mat\u00e8ria d\u2019Economia de l\u2019Empresa on ha presentat el seu projecte d\u2019assessorament a dones que busquen emprendre en entorns&hellip;  <a href=\"https:\/\/agora.xtec.cat\/iesdecelra\/cursos\/batxillerat\/presentacio-del-projecte-como-una-cabra\/\" title=\"Read PRESENTACI\u00d3 DEL PROJECTE \u201cCOMO UNA CABRA\u201d\">Llegeix m\u00e9s\u00bb<\/a><\/p>\n","protected":false},"author":1,"featured_media":5691,"comment_status":"open","ping_status":"closed","sticky":false,"template":"","format":"standard","meta":{"_bbp_topic_count":0,"_bbp_reply_count":0,"_bbp_total_topic_count":0,"_bbp_total_reply_count":0,"_bbp_voice_count":0,"_bbp_anonymous_reply_count":0,"_bbp_topic_count_hidden":0,"_bbp_reply_count_hidden":0,"_bbp_forum_subforum_count":0,"footnotes":""},"categories":[103,8],"tags":[309,161,322],"class_list":["post-5690","post","type-post","status-publish","format-standard","has-post-thumbnail","hentry","category-actualitat","category-batxillerat","tag-curs-2021-2022","tag-economia","tag-emprenedoria"],"post_mailing_queue_ids":[],"_links":{"self":[{"href":"https:\/\/agora.xtec.cat\/iesdecelra\/wp-json\/wp\/v2\/posts\/5690","targetHints":{"allow":["GET"]}}],"collection":[{"href":"https:\/\/agora.xtec.cat\/iesdecelra\/wp-json\/wp\/v2\/posts"}],"about":[{"href":"https:\/\/agora.xtec.cat\/iesdecelra\/wp-json\/wp\/v2\/types\/post"}],"author":[{"embeddable":true,"href":"https:\/\/agora.xtec.cat\/iesdecelra\/wp-json\/wp\/v2\/users\/1"}],"replies":[{"embeddable":true,"href":"https:\/\/agora.xtec.cat\/iesdecelra\/wp-json\/wp\/v2\/comments?post=5690"}],"version-history":[{"count":1,"href":"https:\/\/agora.xtec.cat\/iesdecelra\/wp-json\/wp\/v2\/posts\/5690\/revisions"}],"predecessor-version":[{"id":5694,"href":"https:\/\/agora.xtec.cat\/iesdecelra\/wp-json\/wp\/v2\/posts\/5690\/revisions\/5694"}],"wp:featuredmedia":[{"embeddable":true,"href":"https:\/\/agora.xtec.cat\/iesdecelra\/wp-json\/wp\/v2\/media\/5691"}],"wp:attachment":[{"href":"https:\/\/agora.xtec.cat\/iesdecelra\/wp-json\/wp\/v2\/media?parent=5690"}],"wp:term":[{"taxonomy":"category","embeddable":true,"href":"https:\/\/agora.xtec.cat\/iesdecelra\/wp-json\/wp\/v2\/categories?post=5690"},{"taxonomy":"post_tag","embeddable":true,"href":"https:\/\/agora.xtec.cat\/iesdecelra\/wp-json\/wp\/v2\/tags?post=5690"}],"curies":[{"name":"wp","href":"https:\/\/api.w.org\/{rel}","templated":true}]}}