{"id":5666,"date":"2021-12-01T15:38:14","date_gmt":"2021-12-01T14:38:14","guid":{"rendered":"https:\/\/agora.xtec.cat\/iesdecelra\/?p=5666"},"modified":"2021-12-01T15:41:57","modified_gmt":"2021-12-01T14:41:57","slug":"laberint-matematic","status":"publish","type":"post","link":"https:\/\/agora.xtec.cat\/iesdecelra\/cursos\/eso\/laberint-matematic\/","title":{"rendered":"LABERINT MATEM\u00c0TIC"},"content":{"rendered":"<p>Del 15 al 26 de novembre, en motiu de la Setmana de la ci\u00e8ncia, a l\u2019entrada de l\u2019institut hi va haver un laberint num\u00e8ric cedit pel MMACA (Museu de matem\u00e0tiques de Catalunya) on tots els alumnes van poder passar-hi i alguns, fins i tot, van trobar la sortida.<\/p>\n<p>Durant aquestes dues setmanes, tots els alumnes d\u2019ESO van passar pel laberint dins de l\u2019assignatura de matem\u00e0tiques. Els alumnes van aprendre l\u2019estrat\u00e8gia que permet trobar-ne la sortida i amb aquesta van saber-ne trobar totes les sortides possibles. Tamb\u00e9 van veure \u00f2rbites peri\u00f2diques d\u2019ordre 2 i 4 i finalment van construir el seu propi laberint.<\/p>\n<p><img loading=\"lazy\" decoding=\"async\" class=\"aligncenter size-full wp-image-5669\" src=\"https:\/\/agora.xtec.cat\/iesdecelra\/wp-content\/uploads\/usu1789\/2021\/12\/laberint.png\" alt=\"\" width=\"822\" height=\"589\" \/><\/p>\n<p><a href=\"https:\/\/agora.xtec.cat\/iesdecelra\/wp-content\/uploads\/usu1789\/2021\/12\/IMG_5760.heic\"><img decoding=\"async\" class=\"aligncenter size-full wp-image-5668\" src=\"https:\/\/agora.xtec.cat\/iesdecelra\/wp-content\/uploads\/usu1789\/2021\/12\/IMG_5760.heic\" alt=\"\" \/><\/a><\/p>\n","protected":false},"excerpt":{"rendered":"<p>Del 15 al 26 de novembre, en motiu de la Setmana de la ci\u00e8ncia, a l\u2019entrada de l\u2019institut hi va haver un laberint num\u00e8ric cedit pel MMACA (Museu de matem\u00e0tiques de Catalunya) on tots els alumnes van poder passar-hi i alguns, fins i tot, van&hellip;  <a href=\"https:\/\/agora.xtec.cat\/iesdecelra\/cursos\/eso\/laberint-matematic\/\" title=\"Read LABERINT MATEM\u00c0TIC\">Llegeix m\u00e9s\u00bb<\/a><\/p>\n","protected":false},"author":1,"featured_media":5669,"comment_status":"open","ping_status":"closed","sticky":false,"template":"","format":"standard","meta":{"_bbp_topic_count":0,"_bbp_reply_count":0,"_bbp_total_topic_count":0,"_bbp_total_reply_count":0,"_bbp_voice_count":0,"_bbp_anonymous_reply_count":0,"_bbp_topic_count_hidden":0,"_bbp_reply_count_hidden":0,"_bbp_forum_subforum_count":0,"footnotes":""},"categories":[103,3,299],"tags":[309,321,41,123],"class_list":["post-5666","post","type-post","status-publish","format-standard","has-post-thumbnail","hentry","category-actualitat","category-eso","category-insteam","tag-curs-2021-2022","tag-eso","tag-matematiques","tag-musica-de-la-setmana"],"post_mailing_queue_ids":[],"_links":{"self":[{"href":"https:\/\/agora.xtec.cat\/iesdecelra\/wp-json\/wp\/v2\/posts\/5666","targetHints":{"allow":["GET"]}}],"collection":[{"href":"https:\/\/agora.xtec.cat\/iesdecelra\/wp-json\/wp\/v2\/posts"}],"about":[{"href":"https:\/\/agora.xtec.cat\/iesdecelra\/wp-json\/wp\/v2\/types\/post"}],"author":[{"embeddable":true,"href":"https:\/\/agora.xtec.cat\/iesdecelra\/wp-json\/wp\/v2\/users\/1"}],"replies":[{"embeddable":true,"href":"https:\/\/agora.xtec.cat\/iesdecelra\/wp-json\/wp\/v2\/comments?post=5666"}],"version-history":[{"count":4,"href":"https:\/\/agora.xtec.cat\/iesdecelra\/wp-json\/wp\/v2\/posts\/5666\/revisions"}],"predecessor-version":[{"id":5672,"href":"https:\/\/agora.xtec.cat\/iesdecelra\/wp-json\/wp\/v2\/posts\/5666\/revisions\/5672"}],"wp:featuredmedia":[{"embeddable":true,"href":"https:\/\/agora.xtec.cat\/iesdecelra\/wp-json\/wp\/v2\/media\/5669"}],"wp:attachment":[{"href":"https:\/\/agora.xtec.cat\/iesdecelra\/wp-json\/wp\/v2\/media?parent=5666"}],"wp:term":[{"taxonomy":"category","embeddable":true,"href":"https:\/\/agora.xtec.cat\/iesdecelra\/wp-json\/wp\/v2\/categories?post=5666"},{"taxonomy":"post_tag","embeddable":true,"href":"https:\/\/agora.xtec.cat\/iesdecelra\/wp-json\/wp\/v2\/tags?post=5666"}],"curies":[{"name":"wp","href":"https:\/\/api.w.org\/{rel}","templated":true}]}}