{"id":5640,"date":"2021-12-03T10:54:54","date_gmt":"2021-12-03T09:54:54","guid":{"rendered":"https:\/\/agora.xtec.cat\/iesdecelra\/?p=5640"},"modified":"2021-12-03T10:57:12","modified_gmt":"2021-12-03T09:57:12","slug":"xerrades-sc21","status":"publish","type":"post","link":"https:\/\/agora.xtec.cat\/iesdecelra\/cursos\/eso\/eso-4\/xerrades-sc21\/","title":{"rendered":"XERRADES SC21"},"content":{"rendered":"<p dir=\"auto\">La setmana passada, en motiu de la Setmana de la ci\u00e8ncia, es van fer diverses xerrades a l\u2019institut, algunes presencials i d\u2019altres online.<\/p>\n<p dir=\"auto\">Pels alumnes de 1r i 2n de batxillerat va venir en Miquel Sol\u00e0, doctor en qu\u00edmica de la UdG, que els va parlar del paper de la qu\u00edmica en l\u2019actualitat. Els alumnes la van trobar molt interessant.<\/p>\n<p dir=\"auto\">Despr\u00e9s l\u2019alumnat de 4t de Tecnologia\u00a0 va assistir a una xerrada online de rob\u00f2tica. Pr\u00e8viament havien hagut de resoldre uns reptes. La xerrada tot i ser online va ser molt propera, fins i tot ens van anomenar quan van fer esment a alguna de les solucions que hav\u00edem proposat.<\/p>\n<p dir=\"auto\">\r\n\t<div class=\"slideshow_container slideshow_container_style-light\" style=\" \" data-slideshow-id=\"5644\" data-style-name=\"style-light\" data-style-version=\"2.3.1\" >\r\n\r\n\t\t\t\t\t<div class=\"slideshow_loading_icon\"><\/div>\r\n\t\t\r\n\t\t<div class=\"slideshow_content\" style=\"display: none;\">\r\n\r\n\t\t\t<div class=\"slideshow_view\">\r\n\t\t\t\t<div class=\"slideshow_slide slideshow_slide_image\">\r\n\t\t\t\t\t\t\t\t\t\t\t<img src=\"https:\/\/agora.xtec.cat\/iesdecelra\/wp-content\/uploads\/usu1789\/2021\/11\/Captura-de-pantalla-2021-11-27-a-les-9.10.12.png\" alt=\"Captura de pantalla 2021-11-27 a les 9.10.12\" width=\"1147\" height=\"597\" \/>\r\n\t\t\t\t\t\t\t\t\t\t<div class=\"slideshow_description_box slideshow_transparent\">\r\n\t\t\t\t\t\t\t\t\t\t\t\t\t\t\t\t\t<\/div>\r\n\t\t\t\t<\/div>\r\n\r\n\t\t\t\t\t\t<div style=\"clear: both;\"><\/div><\/div><div class=\"slideshow_view\">\r\n\t\t\t\t<div class=\"slideshow_slide slideshow_slide_image\">\r\n\t\t\t\t\t\t\t\t\t\t\t<img src=\"https:\/\/agora.xtec.cat\/iesdecelra\/wp-content\/uploads\/usu1789\/2021\/11\/Captura-de-pantalla-2021-11-27-a-les-9.03.47.png\" alt=\"Captura de pantalla 2021-11-27 a les 9.03.47\" width=\"831\" height=\"408\" \/>\r\n\t\t\t\t\t\t\t\t\t\t<div class=\"slideshow_description_box slideshow_transparent\">\r\n\t\t\t\t\t\t\t\t\t\t\t\t\t\t\t\t\t<\/div>\r\n\t\t\t\t<\/div>\r\n\r\n\t\t\t\t\t\t<div style=\"clear: both;\"><\/div><\/div><div class=\"slideshow_view\">\r\n\t\t\t\t<div class=\"slideshow_slide slideshow_slide_image\">\r\n\t\t\t\t\t\t\t\t\t\t\t<img src=\"https:\/\/agora.xtec.cat\/iesdecelra\/wp-content\/uploads\/usu1789\/2021\/11\/Captura-de-pantalla-2021-11-27-a-les-9.08.35.png\" alt=\"Captura de pantalla 2021-11-27 a les 9.08.35\" width=\"1093\" height=\"566\" \/>\r\n\t\t\t\t\t\t\t\t\t\t<div class=\"slideshow_description_box slideshow_transparent\">\r\n\t\t\t\t\t\t\t\t\t\t\t\t\t\t\t\t\t<\/div>\r\n\t\t\t\t<\/div>\r\n\r\n\t\t\t\t\t\t<div style=\"clear: both;\"><\/div><\/div>\r\n\t\t<\/div>\r\n\r\n\t\t<div class=\"slideshow_controlPanel slideshow_transparent\" style=\"display: none;\"><ul><li class=\"slideshow_togglePlay\" data-play-text=\"Visualitza\" data-pause-text=\"Pausa\"><\/li><\/ul><\/div>\r\n\r\n\t\t<div class=\"slideshow_button slideshow_previous slideshow_transparent\" role=\"button\" data-previous-text=\"Anterior\" style=\"display: none;\"><\/div>\r\n\t\t<div class=\"slideshow_button slideshow_next slideshow_transparent\" role=\"button\" data-next-text=\"Seg\u00fcent\" style=\"display: none;\"><\/div>\r\n\r\n\t\t<div class=\"slideshow_pagination\" style=\"display: none;\" data-go-to-text=\"V\u00e9s a la diapositiva\"><div class=\"slideshow_pagination_center\"><\/div><\/div>\r\n\r\n\t\t<!-- WordPress Slideshow Version 2.3.1 -->\r\n\r\n\t\t\t<\/div>\r\n\r\n<\/p>\n<p dir=\"auto\">I finalment, tamb\u00e9 pels alumnes de 4t d\u2019ESO va venir a l\u2019institut el doctor Pep Duran de la UdG que els va deleitar amb una xerrada-taller en la que els va fer uns quants experiments\u2026 Va ser un petit regal que els vam fer ja que al cap de pocs dies uns quants d\u2019ells han hagut de fer-ne per <a href=\"https:\/\/agora.xtec.cat\/iesdecelra\/institut\/cursos\/eso\/eso-1\/roda-experiments-cientifics-pels-alumnes-de-1r-i-2n-deso\/\">1r i 2n d\u2019ESO<\/a>!<\/p>\n<p dir=\"auto\"><img loading=\"lazy\" decoding=\"async\" class=\"aligncenter wp-image-5673\" src=\"https:\/\/agora.xtec.cat\/iesdecelra\/wp-content\/uploads\/usu1789\/2021\/12\/IMG-20211118-WA0021-1.jpg\" alt=\"\" width=\"420\" height=\"315\" srcset=\"https:\/\/agora.xtec.cat\/iesdecelra\/wp-content\/uploads\/usu1789\/2021\/12\/IMG-20211118-WA0021-1.jpg 1024w, https:\/\/agora.xtec.cat\/iesdecelra\/wp-content\/uploads\/usu1789\/2021\/12\/IMG-20211118-WA0021-1-300x225.jpg 300w, https:\/\/agora.xtec.cat\/iesdecelra\/wp-content\/uploads\/usu1789\/2021\/12\/IMG-20211118-WA0021-1-768x576.jpg 768w, https:\/\/agora.xtec.cat\/iesdecelra\/wp-content\/uploads\/usu1789\/2021\/12\/IMG-20211118-WA0021-1-200x150.jpg 200w\" sizes=\"auto, (max-width: 420px) 100vw, 420px\" \/><\/p>\n","protected":false},"excerpt":{"rendered":"<p>La setmana passada, en motiu de la Setmana de la ci\u00e8ncia, es van fer diverses xerrades a l\u2019institut, algunes presencials i d\u2019altres online.<br \/>\nPels alumnes de 1r i 2n de batxillerat va venir en Miquel Sol\u00e0, doctor en qu\u00edmica de la UdG, que els va parlar&hellip;  <a href=\"https:\/\/agora.xtec.cat\/iesdecelra\/cursos\/eso\/eso-4\/xerrades-sc21\/\" title=\"Read XERRADES SC21\">Llegeix m\u00e9s\u00bb<\/a><\/p>\n","protected":false},"author":1,"featured_media":5646,"comment_status":"open","ping_status":"closed","sticky":false,"template":"","format":"standard","meta":{"_bbp_topic_count":0,"_bbp_reply_count":0,"_bbp_total_topic_count":0,"_bbp_total_reply_count":0,"_bbp_voice_count":0,"_bbp_anonymous_reply_count":0,"_bbp_topic_count_hidden":0,"_bbp_reply_count_hidden":0,"_bbp_forum_subforum_count":0,"footnotes":""},"categories":[103,8,7,299],"tags":[309,144,317],"class_list":["post-5640","post","type-post","status-publish","format-standard","has-post-thumbnail","hentry","category-actualitat","category-batxillerat","category-eso-4","category-insteam","tag-curs-2021-2022","tag-setmana-de-la-ciencia","tag-steam"],"post_mailing_queue_ids":[],"_links":{"self":[{"href":"https:\/\/agora.xtec.cat\/iesdecelra\/wp-json\/wp\/v2\/posts\/5640","targetHints":{"allow":["GET"]}}],"collection":[{"href":"https:\/\/agora.xtec.cat\/iesdecelra\/wp-json\/wp\/v2\/posts"}],"about":[{"href":"https:\/\/agora.xtec.cat\/iesdecelra\/wp-json\/wp\/v2\/types\/post"}],"author":[{"embeddable":true,"href":"https:\/\/agora.xtec.cat\/iesdecelra\/wp-json\/wp\/v2\/users\/1"}],"replies":[{"embeddable":true,"href":"https:\/\/agora.xtec.cat\/iesdecelra\/wp-json\/wp\/v2\/comments?post=5640"}],"version-history":[{"count":3,"href":"https:\/\/agora.xtec.cat\/iesdecelra\/wp-json\/wp\/v2\/posts\/5640\/revisions"}],"predecessor-version":[{"id":5677,"href":"https:\/\/agora.xtec.cat\/iesdecelra\/wp-json\/wp\/v2\/posts\/5640\/revisions\/5677"}],"wp:featuredmedia":[{"embeddable":true,"href":"https:\/\/agora.xtec.cat\/iesdecelra\/wp-json\/wp\/v2\/media\/5646"}],"wp:attachment":[{"href":"https:\/\/agora.xtec.cat\/iesdecelra\/wp-json\/wp\/v2\/media?parent=5640"}],"wp:term":[{"taxonomy":"category","embeddable":true,"href":"https:\/\/agora.xtec.cat\/iesdecelra\/wp-json\/wp\/v2\/categories?post=5640"},{"taxonomy":"post_tag","embeddable":true,"href":"https:\/\/agora.xtec.cat\/iesdecelra\/wp-json\/wp\/v2\/tags?post=5640"}],"curies":[{"name":"wp","href":"https:\/\/api.w.org\/{rel}","templated":true}]}}