{"id":5626,"date":"2021-11-26T11:31:39","date_gmt":"2021-11-26T10:31:39","guid":{"rendered":"https:\/\/agora.xtec.cat\/iesdecelra\/?p=5626"},"modified":"2022-01-26T12:08:59","modified_gmt":"2022-01-26T11:08:59","slug":"linstitut-de-celra-centre-ambaixador-del-parlament-europeu","status":"publish","type":"post","link":"https:\/\/agora.xtec.cat\/iesdecelra\/actualitat\/linstitut-de-celra-centre-ambaixador-del-parlament-europeu\/","title":{"rendered":"L&#8217;INSTITUT DE CELR\u00c0, CENTRE AMBAIXADOR DEL PARLAMENT EUROPEU"},"content":{"rendered":"<table style=\"border-collapse: collapse; width: 100%;\">\n<tbody>\n<tr>\n<td style=\"width: 50%;\"><img loading=\"lazy\" decoding=\"async\" class=\"aligncenter wp-image-5627\" src=\"https:\/\/agora.xtec.cat\/iesdecelra\/wp-content\/uploads\/usu1789\/2021\/11\/EP-ambassador-school-EN.jpg\" alt=\"\" width=\"300\" height=\"214\" srcset=\"https:\/\/agora.xtec.cat\/iesdecelra\/wp-content\/uploads\/usu1789\/2021\/11\/EP-ambassador-school-EN.jpg 350w, https:\/\/agora.xtec.cat\/iesdecelra\/wp-content\/uploads\/usu1789\/2021\/11\/EP-ambassador-school-EN-300x214.jpg 300w\" sizes=\"auto, (max-width: 300px) 100vw, 300px\" \/><\/td>\n<td style=\"width: 50%;\"><img loading=\"lazy\" decoding=\"async\" class=\" wp-image-5628\" src=\"https:\/\/agora.xtec.cat\/iesdecelra\/wp-content\/uploads\/usu1789\/2021\/11\/presentation.jpg\" alt=\"\" width=\"319\" height=\"212\" srcset=\"https:\/\/agora.xtec.cat\/iesdecelra\/wp-content\/uploads\/usu1789\/2021\/11\/presentation.jpg 1023w, https:\/\/agora.xtec.cat\/iesdecelra\/wp-content\/uploads\/usu1789\/2021\/11\/presentation-300x200.jpg 300w, https:\/\/agora.xtec.cat\/iesdecelra\/wp-content\/uploads\/usu1789\/2021\/11\/presentation-768x512.jpg 768w\" sizes=\"auto, (max-width: 319px) 100vw, 319px\" \/><\/td>\n<\/tr>\n<\/tbody>\n<\/table>\n<p style=\"text-align: justify;\"><span style=\"font-weight: 400;\">L&#8217;Institut de Celr\u00e0 ha estat escollit aquest curs com a Centre Ambaixador Europeu. El programa Centre Ambaixador del Parlament Europeu (EPAS) t\u00e9 com a objectiu aconseguir que els alumnes siguin m\u00e9s conscients de la democr\u00e0cia parlament\u00e0ria europea, la funci\u00f3 del Parlament i els valors europeus des d&#8217;una perspectiva \u00e0mplia, en la qual els alumnes puguin aportar tamb\u00e9 punts de vista cr\u00edtics i\/o constructius en la que \u00e9s o voldria que fos la seva Europa.<\/span><\/p>\n<p style=\"text-align: justify;\"><span style=\"font-weight: 400;\">Tamb\u00e9 els anima a participar activament i directa en els processos democr\u00e0tics de la Uni\u00f3.\u00a0<\/span><\/p>\n<p style=\"text-align: justify;\"><strong>PARTICIPANTS<\/strong><\/p>\n<p style=\"text-align: justify;\"><span style=\"font-weight: 400;\">Els centres educatius escollits per participar en el programa han passat un proc\u00e9s de selecci\u00f3 on s&#8217;ha tingut en compte la seva participaci\u00f3 en programes europeus, reconeixements obtinguts i implicaci\u00f3 dels docents i alumnes.\u00a0<\/span><\/p>\n<p style=\"text-align: justify;\"><span style=\"font-weight: 400;\">Un coordinador de projecte, un grup de professors i un grup d&#8217;alumnes de 4rt ESO seran reconeguts com a ambaixadors s\u00e8nior i j\u00fanior i els encarregats de posar en pr\u00e0ctica el programa.\u00a0<\/span><\/p>\n<p style=\"text-align: justify;\"><span style=\"font-weight: 400;\">Els professors s\u2019ocupen de l&#8217;aspecte educatiu preparant classes i activitats que tinguin a veure amb la transmissi\u00f3 dels valors i el funcionament europeu. En el cas de l\u2019Institut de Celr\u00e0, les activitats de difusi\u00f3 dels valors europeus tindran un enfoc multidisciplinar i implicaran els alumnes de 4rt ESO i 1r Batxillerat en diferents assignatures des de Biologia, Ci\u00e8ncies de la Terra, Sociologia, Cultura i Valors \u00c8tics, Tecnologia, Socials&#8230;<\/span><\/p>\n<p style=\"text-align: justify;\"><span style=\"font-weight: 400;\">Els alumnes ambaixadors j\u00fanior seran els encarregats de difondre a nivell de centre i a nivell local, nacional i internacional els resultats d&#8217;aquestes activitats, mantenir contactes amb altres centres, institucions locals i europees, participar com a representants del centre i del poble en actes organitzats per la Comissi\u00f3 Europea, donar a con\u00e8ixer la programaci\u00f3 europea que es faci al centre als mitjans de comunicaci\u00f3, i la creaci\u00f3 i actualitzaci\u00f3 d&#8217;un infopoint europeu a l\u2019Institut de Celr\u00e0.\u00a0<\/span><\/p>\n<p style=\"text-align: justify;\"><strong>ACREDITACI\u00d3<\/strong><\/p>\n<p style=\"text-align: justify;\"><span style=\"font-weight: 400;\">Al final de cada curs s&#8217;avaluen les activitats realitzades pels centres educatius. Si es conclou el programa amb \u00e8xit, es certifica als centres educatius com EPAS i als ambaixadors s\u00e8nior i j\u00fanior se\u2019ls hi concedeixen certificats en cerim\u00f2nies organitzades per l\u2019Oficina del Parlament Europeu, amb autoritats locals, nacionals i freq\u00fcentment amb la pres\u00e8ncia de diputats del Parlament Europeu. Un cop acreditats, s\u2019ofereix la possibilitat als alumnes ambaixadors de participar en les sessions d\u2019Euroscola a Estrasburg i altres actes organitzats pel Parlament Europeu als estats membres, Brussel\u00b7les o Estrasburg.\u00a0<\/span><\/p>\n<p style=\"text-align: justify;\"><strong>XARXA ESCOLES AMBAIXADORES<\/strong><\/p>\n<p style=\"text-align: justify;\"><span style=\"font-weight: 400;\">Els centres que han estat reconeguts com a Centres Ambaixadors intercanvien bones pr\u00e0ctiques durant el curs. A trav\u00e9s d&#8217;aquesta xarxa, poden participar en un seguit d\u2019activitats que organitzen diferents entitats de la societat civil local, nacional i europea.<\/span><\/p>\n<p style=\"text-align: justify;\"><span style=\"font-weight: 400;\">M\u00e9s informaci\u00f3:<\/span><a href=\"https:\/\/www.europarl.europa.eu\/ambassador-school\/en\/\"><span style=\"font-weight: 400;\"> https:\/\/www.europarl.europa.eu\/ambassador-school\/en\/<\/span><\/a><\/p>\n","protected":false},"excerpt":{"rendered":"<p>L&#8217;Institut de Celr\u00e0 ha estat escollit aquest curs com a Centre Ambaixador Europeu. El programa Centre Ambaixador del Parlament Europeu (EPAS) t\u00e9 com a objectiu aconseguir que els alumnes siguin m\u00e9s conscients de la democr\u00e0cia parlament\u00e0ria europea, la funci\u00f3 del Parlament i els valors europeus&hellip;  <a href=\"https:\/\/agora.xtec.cat\/iesdecelra\/actualitat\/linstitut-de-celra-centre-ambaixador-del-parlament-europeu\/\" title=\"Read L&#8217;INSTITUT DE CELR\u00c0, CENTRE AMBAIXADOR DEL PARLAMENT EUROPEU\">Llegeix m\u00e9s\u00bb<\/a><\/p>\n","protected":false},"author":1,"featured_media":5627,"comment_status":"open","ping_status":"closed","sticky":false,"template":"","format":"standard","meta":{"_bbp_topic_count":0,"_bbp_reply_count":0,"_bbp_total_topic_count":0,"_bbp_total_reply_count":0,"_bbp_voice_count":0,"_bbp_anonymous_reply_count":0,"_bbp_topic_count_hidden":0,"_bbp_reply_count_hidden":0,"_bbp_forum_subforum_count":0,"footnotes":""},"categories":[103,156,158],"tags":[309,301],"class_list":["post-5626","post","type-post","status-publish","format-standard","has-post-thumbnail","hentry","category-actualitat","category-european-projects","category-our-inout-projects","tag-curs-2021-2022","tag-projectes-europeus"],"post_mailing_queue_ids":[],"_links":{"self":[{"href":"https:\/\/agora.xtec.cat\/iesdecelra\/wp-json\/wp\/v2\/posts\/5626","targetHints":{"allow":["GET"]}}],"collection":[{"href":"https:\/\/agora.xtec.cat\/iesdecelra\/wp-json\/wp\/v2\/posts"}],"about":[{"href":"https:\/\/agora.xtec.cat\/iesdecelra\/wp-json\/wp\/v2\/types\/post"}],"author":[{"embeddable":true,"href":"https:\/\/agora.xtec.cat\/iesdecelra\/wp-json\/wp\/v2\/users\/1"}],"replies":[{"embeddable":true,"href":"https:\/\/agora.xtec.cat\/iesdecelra\/wp-json\/wp\/v2\/comments?post=5626"}],"version-history":[{"count":1,"href":"https:\/\/agora.xtec.cat\/iesdecelra\/wp-json\/wp\/v2\/posts\/5626\/revisions"}],"predecessor-version":[{"id":5629,"href":"https:\/\/agora.xtec.cat\/iesdecelra\/wp-json\/wp\/v2\/posts\/5626\/revisions\/5629"}],"wp:featuredmedia":[{"embeddable":true,"href":"https:\/\/agora.xtec.cat\/iesdecelra\/wp-json\/wp\/v2\/media\/5627"}],"wp:attachment":[{"href":"https:\/\/agora.xtec.cat\/iesdecelra\/wp-json\/wp\/v2\/media?parent=5626"}],"wp:term":[{"taxonomy":"category","embeddable":true,"href":"https:\/\/agora.xtec.cat\/iesdecelra\/wp-json\/wp\/v2\/categories?post=5626"},{"taxonomy":"post_tag","embeddable":true,"href":"https:\/\/agora.xtec.cat\/iesdecelra\/wp-json\/wp\/v2\/tags?post=5626"}],"curies":[{"name":"wp","href":"https:\/\/api.w.org\/{rel}","templated":true}]}}