{"id":5623,"date":"2021-11-27T08:12:24","date_gmt":"2021-11-27T07:12:24","guid":{"rendered":"https:\/\/agora.xtec.cat\/iesdecelra\/?p=5623"},"modified":"2021-11-27T09:27:55","modified_gmt":"2021-11-27T08:27:55","slug":"resultat-ii-concurs-demoticones","status":"publish","type":"post","link":"https:\/\/agora.xtec.cat\/iesdecelra\/actualitat\/resultat-ii-concurs-demoticones\/","title":{"rendered":"RESULTAT II CONCURS D&#8217;EMOTICONES"},"content":{"rendered":"<p><span style=\"font-size: 12pt;\">La setmana passada molts de vosaltres vau participar en el concurs d&#8217;emoticones. Felicitats a tots per l&#8217;acollida i per intentar-ho, heu fet que el concurs hagi estat un \u00e8xit.<\/span><\/p>\n<p><span style=\"font-size: 12pt;\">Ara que han passat uns dies \u00e9s hora de donar-vos les respostes correctes:<\/span><\/p>\n<p><img loading=\"lazy\" decoding=\"async\" class=\"aligncenter size-full wp-image-5649\" src=\"https:\/\/agora.xtec.cat\/iesdecelra\/wp-content\/uploads\/usu1789\/2021\/11\/Captura-de-pantalla-2021-11-27-a-les-9.27.02.png\" alt=\"\" width=\"624\" height=\"288\" srcset=\"https:\/\/agora.xtec.cat\/iesdecelra\/wp-content\/uploads\/usu1789\/2021\/11\/Captura-de-pantalla-2021-11-27-a-les-9.27.02.png 624w, https:\/\/agora.xtec.cat\/iesdecelra\/wp-content\/uploads\/usu1789\/2021\/11\/Captura-de-pantalla-2021-11-27-a-les-9.27.02-300x138.png 300w\" sizes=\"auto, (max-width: 624px) 100vw, 624px\" \/><br \/>\n<span style=\"font-size: 12pt;\">Ara que us hem donat les solucions segurament ja veieu si heu encertat alguna de les seq\u00fc\u00e8ncies.<\/span><\/p>\n<p><span style=\"font-size: 12pt;\">Hem rebut centenars de respostes, per\u00f2 de totes, qui n&#8217;ha encertat m\u00e9s (4 de les 5 proposades) s\u00f3n: la Martina Gubau (1r ESO), la Mireia Llorens (1r ESO), l&#8217;Arnau Cornell\u00e0 (2n Btx) i la Gina Font Ginjaume (2n Btx).<\/span><\/p>\n<p><span style=\"font-size: 12pt;\">Pel que fa a les vostres propostes tamb\u00e9 n&#8217;hem rebut unes quantes. Moltes gr\u00e0cies pel vostre esfor\u00e7, sabem que no \u00e9s f\u00e0cil. Hem valorat l&#8217;originalitat i que fossin cient\u00edfiques, tecnol\u00f2giques o matem\u00e0tiques i per aix\u00f2 volem premiar a: la M\u00f2nica Barranco, la Laura Riera i l&#8217; Arnau Cornell\u00e0.<\/span><\/p>\n<p><span style=\"font-size: 12pt;\">Ens guardem les vostres propostes per l&#8217;any vinent, o sigui que no us les presentem&#8230; Haureu d&#8217;esperar!<\/span><\/p>\n<p><span style=\"font-size: 12pt;\">A tot l&#8217;alumnat i professores premiades se us convocar\u00e0 properament a un magn\u00edfic esmorzar. Felicitats!<\/span><\/p>\n<p><span style=\"font-size: 12pt;\">Equip INSteam Celr\u00e0<\/span><\/p>\n","protected":false},"excerpt":{"rendered":"<p>La setmana passada molts de vosaltres vau participar en el concurs d&#8217;emoticones. Felicitats a tots per l&#8217;acollida i per intentar-ho, heu fet que el concurs hagi estat un \u00e8xit.<br \/>\nAra que han passat uns dies \u00e9s hora de donar-vos les respostes correctes:<\/p>\n<p>Ara que us hem donat&hellip;  <a href=\"https:\/\/agora.xtec.cat\/iesdecelra\/actualitat\/resultat-ii-concurs-demoticones\/\" title=\"Read RESULTAT II CONCURS D&#8217;EMOTICONES\">Llegeix m\u00e9s\u00bb<\/a><\/p>\n","protected":false},"author":1,"featured_media":5635,"comment_status":"open","ping_status":"closed","sticky":false,"template":"","format":"standard","meta":{"_bbp_topic_count":0,"_bbp_reply_count":0,"_bbp_total_topic_count":0,"_bbp_total_reply_count":0,"_bbp_voice_count":0,"_bbp_anonymous_reply_count":0,"_bbp_topic_count_hidden":0,"_bbp_reply_count_hidden":0,"_bbp_forum_subforum_count":0,"footnotes":""},"categories":[103,316,299],"tags":[309,144,317],"class_list":["post-5623","post","type-post","status-publish","format-standard","has-post-thumbnail","hentry","category-actualitat","category-cursos","category-insteam","tag-curs-2021-2022","tag-setmana-de-la-ciencia","tag-steam"],"post_mailing_queue_ids":[],"_links":{"self":[{"href":"https:\/\/agora.xtec.cat\/iesdecelra\/wp-json\/wp\/v2\/posts\/5623","targetHints":{"allow":["GET"]}}],"collection":[{"href":"https:\/\/agora.xtec.cat\/iesdecelra\/wp-json\/wp\/v2\/posts"}],"about":[{"href":"https:\/\/agora.xtec.cat\/iesdecelra\/wp-json\/wp\/v2\/types\/post"}],"author":[{"embeddable":true,"href":"https:\/\/agora.xtec.cat\/iesdecelra\/wp-json\/wp\/v2\/users\/1"}],"replies":[{"embeddable":true,"href":"https:\/\/agora.xtec.cat\/iesdecelra\/wp-json\/wp\/v2\/comments?post=5623"}],"version-history":[{"count":3,"href":"https:\/\/agora.xtec.cat\/iesdecelra\/wp-json\/wp\/v2\/posts\/5623\/revisions"}],"predecessor-version":[{"id":5650,"href":"https:\/\/agora.xtec.cat\/iesdecelra\/wp-json\/wp\/v2\/posts\/5623\/revisions\/5650"}],"wp:featuredmedia":[{"embeddable":true,"href":"https:\/\/agora.xtec.cat\/iesdecelra\/wp-json\/wp\/v2\/media\/5635"}],"wp:attachment":[{"href":"https:\/\/agora.xtec.cat\/iesdecelra\/wp-json\/wp\/v2\/media?parent=5623"}],"wp:term":[{"taxonomy":"category","embeddable":true,"href":"https:\/\/agora.xtec.cat\/iesdecelra\/wp-json\/wp\/v2\/categories?post=5623"},{"taxonomy":"post_tag","embeddable":true,"href":"https:\/\/agora.xtec.cat\/iesdecelra\/wp-json\/wp\/v2\/tags?post=5623"}],"curies":[{"name":"wp","href":"https:\/\/api.w.org\/{rel}","templated":true}]}}