{"id":5613,"date":"2021-11-25T09:38:02","date_gmt":"2021-11-25T08:38:02","guid":{"rendered":"https:\/\/agora.xtec.cat\/iesdecelra\/?p=5613"},"modified":"2021-11-25T09:49:00","modified_gmt":"2021-11-25T08:49:00","slug":"musica-per-reivindicar-el-25n","status":"publish","type":"post","link":"https:\/\/agora.xtec.cat\/iesdecelra\/actualitat\/musica-per-reivindicar-el-25n\/","title":{"rendered":"M\u00daSICA PER REIVINDICAR EL 25N"},"content":{"rendered":"<p>Aquest dijous 25 de novembre la m\u00fasica que ens indica el canvi de classe est\u00e0 escollida especialment\u00a0 per donar suport a la lluita contra la xacra de la viol\u00e8ncia masclista: ser\u00e0 el tema de Rozal\u00e9n <em>La puerta violeta<\/em>.<\/p>\n<p>Aqu\u00ed en teniu el videoclip i la lletra:<\/p>\n<p><iframe loading=\"lazy\" title=\"Rozal\u00e9n - La Puerta Violeta\" width=\"500\" height=\"281\" src=\"https:\/\/www.youtube.com\/embed\/gYyKuLV8A_c?feature=oembed\" frameborder=\"0\" allow=\"accelerometer; autoplay; clipboard-write; encrypted-media; gyroscope; picture-in-picture; web-share\" referrerpolicy=\"strict-origin-when-cross-origin\" allowfullscreen><\/iframe><\/p>\n<div class=\"ujudUb WRZytc xpdxpnd\" data-mh=\"-1\">\n<p><span style=\"font-weight: 400;\">Una ni\u00f1a triste en el espejo me mira prudente y no quiere hablar<\/span><\/p>\n<p><span style=\"font-weight: 400;\">Hay un monstruo gris en la cocina<\/span><\/p>\n<p><span style=\"font-weight: 400;\">Que lo rompe todo<\/span><\/p>\n<p><span style=\"font-weight: 400;\">Que no para de gritar<\/span><\/p>\n<p><span style=\"font-weight: 400;\">Tengo una mano en el cuello<\/span><\/p>\n<p><span style=\"font-weight: 400;\">Que con sutileza me impide respirar<\/span><\/p>\n<p><span style=\"font-weight: 400;\">Una venda me tapa los ojos<\/span><\/p>\n<p><span style=\"font-weight: 400;\">Puedo oler el miedo y se acerca<\/span><\/p>\n<p><span style=\"font-weight: 400;\">Tengo un nudo en las cuerdas que ensucia mi voz al cantar<\/span><\/p>\n<p><span style=\"font-weight: 400;\">Tengo una culpa que me aprieta<\/span><\/p>\n<p><span style=\"font-weight: 400;\">Se posa en mis hombros y me cuesta andar<\/span><\/p>\n<p><span style=\"font-weight: 400;\">Pero dibuj\u00e9 una puerta violeta en la pared<\/span><\/p>\n<p><span style=\"font-weight: 400;\">Y al entrar me liber\u00e9<\/span><\/p>\n<p><span style=\"font-weight: 400;\">Como se despliega la vela de un barco<\/span><\/p>\n<p><span style=\"font-weight: 400;\">Despert\u00e9 en un prado verde muy lejos de aqu\u00ed<\/span><\/p>\n<p><span style=\"font-weight: 400;\">Corr\u00ed, grit\u00e9, re\u00ed<\/span><\/p>\n<p><span style=\"font-weight: 400;\">S\u00e9 lo que no quiero<\/span><\/p>\n<p><span style=\"font-weight: 400;\">Ahora estoy a salvo<\/span><\/p>\n<p><span style=\"font-weight: 400;\">Una flor que se marchita<\/span><\/p>\n<p><span style=\"font-weight: 400;\">Un \u00e1rbol que no crece porque no es su lugar<\/span><\/p>\n<p><span style=\"font-weight: 400;\">Un castigo que se me impone<\/span><\/p>\n<p><span style=\"font-weight: 400;\">Un verso que me tacha y me anula<\/span><\/p>\n<p><span style=\"font-weight: 400;\">Tengo todo el cuerpo encadenado<\/span><\/p>\n<p><span style=\"font-weight: 400;\">Las manos agrietadas<\/span><\/p>\n<p><span style=\"font-weight: 400;\">Mil arrugas en la piel<\/span><\/p>\n<p><span style=\"font-weight: 400;\">Las fantasmas hablan en la nuca<\/span><\/p>\n<p><span style=\"font-weight: 400;\">Se reabre la herida y me sangra<\/span><\/p>\n<p><span style=\"font-weight: 400;\">Hay un jilguero en mi garganta que vuela con fuerza<\/span><\/p>\n<p><span style=\"font-weight: 400;\">Tengo la necesidad de girar la llave y no mirar atr\u00e1s<\/span><\/p>\n<p><span style=\"font-weight: 400;\">As\u00ed que dibuj\u00e9 una puerta violeta en la pared<\/span><\/p>\n<p><span style=\"font-weight: 400;\">Y al entrar me liber\u00e9<\/span><\/p>\n<p><span style=\"font-weight: 400;\">Como se despliega la vela de un barco<\/span><\/p>\n<p><span style=\"font-weight: 400;\">Despert\u00e9 en un prado verde muy lejos de aqu\u00ed<\/span><\/p>\n<p><span style=\"font-weight: 400;\">Corr\u00ed, grit\u00e9, re\u00ed<\/span><\/p>\n<p><span style=\"font-weight: 400;\">S\u00e9 lo que no quiero<\/span><\/p>\n<p><span style=\"font-weight: 400;\">Ahora estoy a salvo<\/span><\/p>\n<p><span style=\"font-weight: 400;\">As\u00ed que dibuj\u00e9 una puerta violeta en la pared<\/span><\/p>\n<p><span style=\"font-weight: 400;\">Y al entrar me liber\u00e9<\/span><\/p>\n<p><span style=\"font-weight: 400;\">Como se despliega la vela de un barco<\/span><\/p>\n<p><span style=\"font-weight: 400;\">Amanec\u00ed en un prado verde muy lejos de aqu\u00ed<\/span><\/p>\n<p><span style=\"font-weight: 400;\">Corr\u00ed, grit\u00e9, re\u00ed<\/span><\/p>\n<p><span style=\"font-weight: 400;\">S\u00e9 lo que no quiero<\/span><\/p>\n<p><span style=\"font-weight: 400;\">Ahora estoy a salvo<\/span><\/p>\n<\/div>\n","protected":false},"excerpt":{"rendered":"<p>Aquest dijous 25 de novembre la m\u00fasica que ens indica el canvi de classe est\u00e0 escollida especialment\u00a0 per donar suport a la lluita contra la xacra de la viol\u00e8ncia masclista: ser\u00e0 el tema de Rozal\u00e9n La puerta violeta.<br \/>\nAqu\u00ed en teniu el videoclip i la lletra:<\/p>\n<p>Una&hellip;  <a href=\"https:\/\/agora.xtec.cat\/iesdecelra\/actualitat\/musica-per-reivindicar-el-25n\/\" title=\"Read M\u00daSICA PER REIVINDICAR EL 25N\">Llegeix m\u00e9s\u00bb<\/a><\/p>\n","protected":false},"author":1,"featured_media":5614,"comment_status":"open","ping_status":"closed","sticky":false,"template":"","format":"standard","meta":{"_bbp_topic_count":0,"_bbp_reply_count":0,"_bbp_total_topic_count":0,"_bbp_total_reply_count":0,"_bbp_voice_count":0,"_bbp_anonymous_reply_count":0,"_bbp_topic_count_hidden":0,"_bbp_reply_count_hidden":0,"_bbp_forum_subforum_count":0,"footnotes":""},"categories":[103],"tags":[320,309,165,123],"class_list":["post-5613","post","type-post","status-publish","format-standard","has-post-thumbnail","hentry","category-actualitat","tag-25n","tag-curs-2021-2022","tag-musica","tag-musica-de-la-setmana"],"post_mailing_queue_ids":[],"_links":{"self":[{"href":"https:\/\/agora.xtec.cat\/iesdecelra\/wp-json\/wp\/v2\/posts\/5613","targetHints":{"allow":["GET"]}}],"collection":[{"href":"https:\/\/agora.xtec.cat\/iesdecelra\/wp-json\/wp\/v2\/posts"}],"about":[{"href":"https:\/\/agora.xtec.cat\/iesdecelra\/wp-json\/wp\/v2\/types\/post"}],"author":[{"embeddable":true,"href":"https:\/\/agora.xtec.cat\/iesdecelra\/wp-json\/wp\/v2\/users\/1"}],"replies":[{"embeddable":true,"href":"https:\/\/agora.xtec.cat\/iesdecelra\/wp-json\/wp\/v2\/comments?post=5613"}],"version-history":[{"count":2,"href":"https:\/\/agora.xtec.cat\/iesdecelra\/wp-json\/wp\/v2\/posts\/5613\/revisions"}],"predecessor-version":[{"id":5616,"href":"https:\/\/agora.xtec.cat\/iesdecelra\/wp-json\/wp\/v2\/posts\/5613\/revisions\/5616"}],"wp:featuredmedia":[{"embeddable":true,"href":"https:\/\/agora.xtec.cat\/iesdecelra\/wp-json\/wp\/v2\/media\/5614"}],"wp:attachment":[{"href":"https:\/\/agora.xtec.cat\/iesdecelra\/wp-json\/wp\/v2\/media?parent=5613"}],"wp:term":[{"taxonomy":"category","embeddable":true,"href":"https:\/\/agora.xtec.cat\/iesdecelra\/wp-json\/wp\/v2\/categories?post=5613"},{"taxonomy":"post_tag","embeddable":true,"href":"https:\/\/agora.xtec.cat\/iesdecelra\/wp-json\/wp\/v2\/tags?post=5613"}],"curies":[{"name":"wp","href":"https:\/\/api.w.org\/{rel}","templated":true}]}}