{"id":5401,"date":"2021-11-03T11:52:11","date_gmt":"2021-11-03T10:52:11","guid":{"rendered":"https:\/\/agora.xtec.cat\/iesdecelra\/?p=5401"},"modified":"2021-11-03T13:18:18","modified_gmt":"2021-11-03T12:18:18","slug":"setmana-de-la-ciencia-2021","status":"publish","type":"post","link":"https:\/\/agora.xtec.cat\/iesdecelra\/actualitat\/setmana-de-la-ciencia-2021\/","title":{"rendered":"SETMANA DE LA CI\u00c8NCIA 2021"},"content":{"rendered":"<p>Del 15 al 26 de novembre tindr\u00e0 lloc la Setmana de la Ci\u00e8ncia a l&#8217;Institut de Celr\u00e0. A continuaci\u00f3 us detallem el programa amb totes les activitats, xerrades i concursos. Us hi esperem a totes i tots!!<\/p>\n<hr \/>\n<p>PROGRAMA<\/p>\n<p><b>Concursos:<\/b><\/p>\n<ul>\n<li style=\"font-weight: 400;\" aria-level=\"1\"><span style=\"font-weight: 400;\"><em><a href=\"https:\/\/drive.google.com\/file\/d\/1yZZgdfGKBeibg1-aDvVDE9jnQ5gHIVP8\/view?usp=sharing\">III Concurs de coets<\/a><\/em>\u00a0(<a href=\"https:\/\/drive.google.com\/file\/d\/1C6uqDS0S6PcJG3ynOnhoZtyEGanfk5Eu\/view?usp=sharing\">Bases)<\/a><\/span><\/li>\n<li style=\"font-weight: 400;\" aria-level=\"1\"><i><span style=\"font-weight: 400;\"><a href=\"https:\/\/drive.google.com\/file\/d\/1mpBPN5HKZt0pGoFlGBV7lAAIIdGTo98J\/view?usp=sharing\">II Concurs d&#8217;emoticones<\/a> d\u2019\u00e0mbit cient\u00edfic-matem\u00e0tic-tecnol\u00f2gic<\/span><\/i><span style=\"font-weight: 400;\">: (<a href=\"https:\/\/drive.google.com\/file\/d\/1gtpxj10Lc0TUvH1uwNN3MMtrh1EFxFFx\/view?usp=sharing\">Bases<\/a>)<\/span><\/li>\n<li style=\"font-weight: 400;\" aria-level=\"1\"><i><span style=\"font-weight: 400;\"><a href=\"https:\/\/drive.google.com\/file\/d\/1bGGOdmhbppmTnTdkjK6rlTejR0lmPn42\/view?usp=sharing\">III Concurs de fotografia<\/a> d\u2019\u00e0mbit cient\u00edfic-matem\u00e0tic-tecnol\u00f2gic<\/span><\/i><span style=\"font-weight: 400;\">: (<a href=\"https:\/\/drive.google.com\/file\/d\/1ZSlVl2ZuOFMKjB4nkaO8FGV_2Qxci3hO\/view?usp=sharing\">Bases<\/a>)<\/span><\/li>\n<\/ul>\n<p><b>Xerrades a:<\/b><\/p>\n<ul>\n<li style=\"font-weight: 400;\" aria-level=\"1\"><span style=\"font-weight: 400;\">3r d\u2019ESO des de Biologia i Geologia: repte i xerrada <\/span><b>d\u2019Economia circular.<\/b><\/li>\n<li style=\"font-weight: 400;\" aria-level=\"1\"><span style=\"font-weight: 400;\">4t d\u2019ESO des de Tecnologia: repte i xerrada de <\/span><b>Rob\u00f2tica.<\/b><\/li>\n<li style=\"font-weight: 400;\" aria-level=\"1\"><span style=\"font-weight: 400;\">4t d\u2019ESO des de F\u00edsica i Qu\u00edmica per a tots els alumnes xerrada-taller d\u2019en Josep Duran professor de qu\u00edmica de la UdG.\u00a0<\/span><\/li>\n<li style=\"font-weight: 400;\" aria-level=\"1\"><span style=\"font-weight: 400;\">1r i 2n batxillerat de qu\u00edmica: xerrada a c\u00e0rrec d\u2019en Miquel Sol\u00e0, professor de qu\u00edmica de la UdG.<\/span><\/li>\n<\/ul>\n<p><b>Roda d\u2019experiments:<\/b><\/p>\n<ul>\n<li style=\"font-weight: 400;\" aria-level=\"1\"><span style=\"font-weight: 400;\">Alumnes de 4t d\u2019ESO de FiQ per a tots els alumnes de 1r d\u2019ESO.<\/span><\/li>\n<li style=\"font-weight: 400;\" aria-level=\"1\"><span style=\"font-weight: 400;\">Alumnes de 4t de FiQ per a tots els alumnes de 2n d\u2019ESO.<\/span><\/li>\n<\/ul>\n<p><b>Exposici\u00f3 matem\u00e0tica:<\/b><\/p>\n<ul>\n<li style=\"font-weight: 400;\" aria-level=\"1\"><span style=\"font-weight: 400;\">Laberints num\u00e8rics del Museu de Matem\u00e0tiques de Catalunya (a l\u2019aula menjador).<\/span><\/li>\n<\/ul>\n<p><b>Exposici\u00f3 escoles verdes a l\u2019entrada de l\u2019institut:<\/b><\/p>\n<ul>\n<li style=\"font-weight: 400;\" aria-level=\"1\"><span style=\"font-weight: 400;\">Problem\u00e0tiques socials<\/span><\/li>\n<li style=\"font-weight: 400;\" aria-level=\"1\"><span style=\"font-weight: 400;\">Problem\u00e0tiques ambientals<\/span><\/li>\n<li style=\"font-weight: 400;\" aria-level=\"1\"><span style=\"font-weight: 400;\">Accions pel canvi<\/span><\/li>\n<\/ul>\n<p>&nbsp;<\/p>\n<p>&nbsp;<\/p>\n<p>&nbsp;<\/p>\n","protected":false},"excerpt":{"rendered":"<p>Del 15 al 26 de novembre tindr\u00e0 lloc la Setmana de la Ci\u00e8ncia a l&#8217;Institut de Celr\u00e0. A continuaci\u00f3 us detallem el programa amb totes les activitats, xerrades i concursos. Us hi esperem a totes i tots!!<\/p>\n<p>PROGRAMA<br \/>\nConcursos:<\/p>\n<ul>\n<li style=\"font-weight: 400;\" aria-level=\"1\"><a href=\"https:\/\/drive.google.com\/file\/d\/1yZZgdfGKBeibg1-aDvVDE9jnQ5gHIVP8\/view?usp=sharing\">III Concurs de coets<\/a>\u00a0(<a href=\"https:\/\/drive.google.com\/file\/d\/1C6uqDS0S6PcJG3ynOnhoZtyEGanfk5Eu\/view?usp=sharing\">Bases)<\/a><\/li>\n<li&hellip;  <a href=\"https:\/\/agora.xtec.cat\/iesdecelra\/actualitat\/setmana-de-la-ciencia-2021\/\" title=\"Read SETMANA DE LA CI\u00c8NCIA 2021\">Llegeix m\u00e9s\u00bb<\/a><br \/>\n","protected":false},"author":1,"featured_media":5404,"comment_status":"open","ping_status":"closed","sticky":false,"template":"","format":"standard","meta":{"_bbp_topic_count":0,"_bbp_reply_count":0,"_bbp_total_topic_count":0,"_bbp_total_reply_count":0,"_bbp_voice_count":0,"_bbp_anonymous_reply_count":0,"_bbp_topic_count_hidden":0,"_bbp_reply_count_hidden":0,"_bbp_forum_subforum_count":0,"footnotes":""},"categories":[103,218,299],"tags":[309,144,317],"class_list":["post-5401","post","type-post","status-publish","format-standard","has-post-thumbnail","hentry","category-actualitat","category-concursos-i-premis","category-insteam","tag-curs-2021-2022","tag-setmana-de-la-ciencia","tag-steam"],"post_mailing_queue_ids":[],"_links":{"self":[{"href":"https:\/\/agora.xtec.cat\/iesdecelra\/wp-json\/wp\/v2\/posts\/5401","targetHints":{"allow":["GET"]}}],"collection":[{"href":"https:\/\/agora.xtec.cat\/iesdecelra\/wp-json\/wp\/v2\/posts"}],"about":[{"href":"https:\/\/agora.xtec.cat\/iesdecelra\/wp-json\/wp\/v2\/types\/post"}],"author":[{"embeddable":true,"href":"https:\/\/agora.xtec.cat\/iesdecelra\/wp-json\/wp\/v2\/users\/1"}],"replies":[{"embeddable":true,"href":"https:\/\/agora.xtec.cat\/iesdecelra\/wp-json\/wp\/v2\/comments?post=5401"}],"version-history":[{"count":3,"href":"https:\/\/agora.xtec.cat\/iesdecelra\/wp-json\/wp\/v2\/posts\/5401\/revisions"}],"predecessor-version":[{"id":5419,"href":"https:\/\/agora.xtec.cat\/iesdecelra\/wp-json\/wp\/v2\/posts\/5401\/revisions\/5419"}],"wp:featuredmedia":[{"embeddable":true,"href":"https:\/\/agora.xtec.cat\/iesdecelra\/wp-json\/wp\/v2\/media\/5404"}],"wp:attachment":[{"href":"https:\/\/agora.xtec.cat\/iesdecelra\/wp-json\/wp\/v2\/media?parent=5401"}],"wp:term":[{"taxonomy":"category","embeddable":true,"href":"https:\/\/agora.xtec.cat\/iesdecelra\/wp-json\/wp\/v2\/categories?post=5401"},{"taxonomy":"post_tag","embeddable":true,"href":"https:\/\/agora.xtec.cat\/iesdecelra\/wp-json\/wp\/v2\/tags?post=5401"}],"curies":[{"name":"wp","href":"https:\/\/api.w.org\/{rel}","templated":true}]}}