{"id":5308,"date":"2021-10-05T10:29:30","date_gmt":"2021-10-05T08:29:30","guid":{"rendered":"https:\/\/agora.xtec.cat\/iesdecelra\/?p=5308"},"modified":"2021-10-05T10:29:30","modified_gmt":"2021-10-05T08:29:30","slug":"els-projectes-denginyeria-explicats-a-batxillerat","status":"publish","type":"post","link":"https:\/\/agora.xtec.cat\/iesdecelra\/cursos\/batxillerat\/els-projectes-denginyeria-explicats-a-batxillerat\/","title":{"rendered":"ELS PROJECTES D&#8217;ENGINYERIA EXPLICATS A BATXILLERAT"},"content":{"rendered":"<p><img loading=\"lazy\" decoding=\"async\" class=\"aligncenter  wp-image-5309\" src=\"https:\/\/agora.xtec.cat\/iesdecelra\/wp-content\/uploads\/usu1789\/2021\/10\/20210928_103720-1.jpg\" alt=\"\" width=\"425\" height=\"239\" srcset=\"https:\/\/agora.xtec.cat\/iesdecelra\/wp-content\/uploads\/usu1789\/2021\/10\/20210928_103720-1.jpg 2000w, https:\/\/agora.xtec.cat\/iesdecelra\/wp-content\/uploads\/usu1789\/2021\/10\/20210928_103720-1-300x169.jpg 300w, https:\/\/agora.xtec.cat\/iesdecelra\/wp-content\/uploads\/usu1789\/2021\/10\/20210928_103720-1-1024x576.jpg 1024w, https:\/\/agora.xtec.cat\/iesdecelra\/wp-content\/uploads\/usu1789\/2021\/10\/20210928_103720-1-768x432.jpg 768w, https:\/\/agora.xtec.cat\/iesdecelra\/wp-content\/uploads\/usu1789\/2021\/10\/20210928_103720-1-1536x864.jpg 1536w\" sizes=\"auto, (max-width: 425px) 100vw, 425px\" \/><\/p>\n<p>Els alumnes de la Modalitat de Batxillerat Tecnol\u00f2gic han gaudit, aquesta setmana, de la xerrada &#8220;Projectes d&#8217;Enginyeria&#8221;\u00a0 que ens han ofert des del Patronat Polit\u00e8cnica UdG, del qual l&#8217;institut de Celr\u00e0 n&#8217;\u00e9s centre col\u00b7laborador. Ha estat interessant veure quins projectes duen a terme els estudiants de diferents graus d&#8217;enginyeria i com s&#8217;estructura la redacci\u00f3 d&#8217;una mem\u00f2ria t\u00e8cnica.<\/p>\n","protected":false},"excerpt":{"rendered":"<p>Els alumnes de la Modalitat de Batxillerat Tecnol\u00f2gic han gaudit, aquesta setmana, de la xerrada &#8220;Projectes d&#8217;Enginyeria&#8221;\u00a0 que ens han ofert des del Patronat Polit\u00e8cnica UdG, del qual l&#8217;institut de Celr\u00e0 n&#8217;\u00e9s centre col\u00b7laborador. Ha estat interessant veure quins projectes duen a terme els estudiants&hellip;  <a href=\"https:\/\/agora.xtec.cat\/iesdecelra\/cursos\/batxillerat\/els-projectes-denginyeria-explicats-a-batxillerat\/\" title=\"Read ELS PROJECTES D&#8217;ENGINYERIA EXPLICATS A BATXILLERAT\">Llegeix m\u00e9s\u00bb<\/a><\/p>\n","protected":false},"author":1,"featured_media":5309,"comment_status":"open","ping_status":"closed","sticky":false,"template":"","format":"standard","meta":{"_bbp_topic_count":0,"_bbp_reply_count":0,"_bbp_total_topic_count":0,"_bbp_total_reply_count":0,"_bbp_voice_count":0,"_bbp_anonymous_reply_count":0,"_bbp_topic_count_hidden":0,"_bbp_reply_count_hidden":0,"_bbp_forum_subforum_count":0,"footnotes":""},"categories":[103,8],"tags":[115,309,209],"class_list":["post-5308","post","type-post","status-publish","format-standard","has-post-thumbnail","hentry","category-actualitat","category-batxillerat","tag-batxillerat","tag-curs-2021-2022","tag-departament-de-tecnologia"],"post_mailing_queue_ids":[],"_links":{"self":[{"href":"https:\/\/agora.xtec.cat\/iesdecelra\/wp-json\/wp\/v2\/posts\/5308","targetHints":{"allow":["GET"]}}],"collection":[{"href":"https:\/\/agora.xtec.cat\/iesdecelra\/wp-json\/wp\/v2\/posts"}],"about":[{"href":"https:\/\/agora.xtec.cat\/iesdecelra\/wp-json\/wp\/v2\/types\/post"}],"author":[{"embeddable":true,"href":"https:\/\/agora.xtec.cat\/iesdecelra\/wp-json\/wp\/v2\/users\/1"}],"replies":[{"embeddable":true,"href":"https:\/\/agora.xtec.cat\/iesdecelra\/wp-json\/wp\/v2\/comments?post=5308"}],"version-history":[{"count":1,"href":"https:\/\/agora.xtec.cat\/iesdecelra\/wp-json\/wp\/v2\/posts\/5308\/revisions"}],"predecessor-version":[{"id":5310,"href":"https:\/\/agora.xtec.cat\/iesdecelra\/wp-json\/wp\/v2\/posts\/5308\/revisions\/5310"}],"wp:featuredmedia":[{"embeddable":true,"href":"https:\/\/agora.xtec.cat\/iesdecelra\/wp-json\/wp\/v2\/media\/5309"}],"wp:attachment":[{"href":"https:\/\/agora.xtec.cat\/iesdecelra\/wp-json\/wp\/v2\/media?parent=5308"}],"wp:term":[{"taxonomy":"category","embeddable":true,"href":"https:\/\/agora.xtec.cat\/iesdecelra\/wp-json\/wp\/v2\/categories?post=5308"},{"taxonomy":"post_tag","embeddable":true,"href":"https:\/\/agora.xtec.cat\/iesdecelra\/wp-json\/wp\/v2\/tags?post=5308"}],"curies":[{"name":"wp","href":"https:\/\/api.w.org\/{rel}","templated":true}]}}