{"id":5294,"date":"2021-10-04T09:04:38","date_gmt":"2021-10-04T07:04:38","guid":{"rendered":"https:\/\/agora.xtec.cat\/iesdecelra\/?p=5294"},"modified":"2021-10-04T09:07:08","modified_gmt":"2021-10-04T07:07:08","slug":"comenca-la-consulta-oberta-del-programa-salut-i-escola","status":"publish","type":"post","link":"https:\/\/agora.xtec.cat\/iesdecelra\/actualitat\/comenca-la-consulta-oberta-del-programa-salut-i-escola\/","title":{"rendered":"COMEN\u00c7A LA CONSULTA OBERTA DEL PROGRAMA SALUT I ESCOLA"},"content":{"rendered":"<p>Aquesta setmana es torna a engegar la Consulta Oberta, dins el marc del programa Salut i Escola. La consulta s&#8217;obrir\u00e0 unes hores els dilluns i els dimecres i la dinamitzar\u00e0 la Ll\u00facia, infermera de pediatria del CAP de Celr\u00e0.<\/p>\n<p>Podeu trobar tota la informaci\u00f3 del programa Salut i Escola al web:\u00a0<a href=\"http:\/\/salutweb.gencat.cat\/ca\/ambits_tematics\/per_perfils\/centres_educatius\/programa_salut_escola\/\">http:\/\/salutweb.gencat.cat\/ca\/ambits_tematics\/per_perfils\/centres_educatius\/programa_salut_escola\/<\/a><\/p>\n","protected":false},"excerpt":{"rendered":"<p>Aquesta setmana es torna a engegar la Consulta Oberta, dins el marc del programa Salut i Escola. La consulta s&#8217;obrir\u00e0 unes hores els dilluns i els dimecres i la dinamitzar\u00e0 la Ll\u00facia, infermera de pediatria del CAP de Celr\u00e0.<br \/>\nPodeu trobar tota la informaci\u00f3 del programa&hellip;  <a href=\"https:\/\/agora.xtec.cat\/iesdecelra\/actualitat\/comenca-la-consulta-oberta-del-programa-salut-i-escola\/\" title=\"Read COMEN\u00c7A LA CONSULTA OBERTA DEL PROGRAMA SALUT I ESCOLA\">Llegeix m\u00e9s\u00bb<\/a><\/p>\n","protected":false},"author":1,"featured_media":5296,"comment_status":"open","ping_status":"closed","sticky":false,"template":"","format":"standard","meta":{"_bbp_topic_count":0,"_bbp_reply_count":0,"_bbp_total_topic_count":0,"_bbp_total_reply_count":0,"_bbp_voice_count":0,"_bbp_anonymous_reply_count":0,"_bbp_topic_count_hidden":0,"_bbp_reply_count_hidden":0,"_bbp_forum_subforum_count":0,"footnotes":""},"categories":[103],"tags":[313,309,312],"class_list":["post-5294","post","type-post","status-publish","format-standard","has-post-thumbnail","hentry","category-actualitat","tag-consulta-oberta","tag-curs-2021-2022","tag-salut-i-escola"],"post_mailing_queue_ids":[],"_links":{"self":[{"href":"https:\/\/agora.xtec.cat\/iesdecelra\/wp-json\/wp\/v2\/posts\/5294","targetHints":{"allow":["GET"]}}],"collection":[{"href":"https:\/\/agora.xtec.cat\/iesdecelra\/wp-json\/wp\/v2\/posts"}],"about":[{"href":"https:\/\/agora.xtec.cat\/iesdecelra\/wp-json\/wp\/v2\/types\/post"}],"author":[{"embeddable":true,"href":"https:\/\/agora.xtec.cat\/iesdecelra\/wp-json\/wp\/v2\/users\/1"}],"replies":[{"embeddable":true,"href":"https:\/\/agora.xtec.cat\/iesdecelra\/wp-json\/wp\/v2\/comments?post=5294"}],"version-history":[{"count":2,"href":"https:\/\/agora.xtec.cat\/iesdecelra\/wp-json\/wp\/v2\/posts\/5294\/revisions"}],"predecessor-version":[{"id":5302,"href":"https:\/\/agora.xtec.cat\/iesdecelra\/wp-json\/wp\/v2\/posts\/5294\/revisions\/5302"}],"wp:featuredmedia":[{"embeddable":true,"href":"https:\/\/agora.xtec.cat\/iesdecelra\/wp-json\/wp\/v2\/media\/5296"}],"wp:attachment":[{"href":"https:\/\/agora.xtec.cat\/iesdecelra\/wp-json\/wp\/v2\/media?parent=5294"}],"wp:term":[{"taxonomy":"category","embeddable":true,"href":"https:\/\/agora.xtec.cat\/iesdecelra\/wp-json\/wp\/v2\/categories?post=5294"},{"taxonomy":"post_tag","embeddable":true,"href":"https:\/\/agora.xtec.cat\/iesdecelra\/wp-json\/wp\/v2\/tags?post=5294"}],"curies":[{"name":"wp","href":"https:\/\/api.w.org\/{rel}","templated":true}]}}