{"id":5247,"date":"2021-09-22T15:57:13","date_gmt":"2021-09-22T13:57:13","guid":{"rendered":"https:\/\/agora.xtec.cat\/iesdecelra\/?p=5247"},"modified":"2021-09-22T15:58:07","modified_gmt":"2021-09-22T13:58:07","slug":"que-fem-al-local-jove-de-celra","status":"publish","type":"post","link":"https:\/\/agora.xtec.cat\/iesdecelra\/actualitat\/que-fem-al-local-jove-de-celra\/","title":{"rendered":"QU\u00c8 FEM AL LOCAL JOVE DE CELR\u00c0?"},"content":{"rendered":"<p><iframe loading=\"lazy\" title=\"Qu\u00e8 fem al Local Jove\" width=\"500\" height=\"281\" src=\"https:\/\/www.youtube.com\/embed\/6fVlg4fTlDU?feature=oembed\" frameborder=\"0\" allow=\"accelerometer; autoplay; clipboard-write; encrypted-media; gyroscope; picture-in-picture; web-share\" referrerpolicy=\"strict-origin-when-cross-origin\" allowfullscreen><\/iframe><\/p>\n<p>A partir del 4 d&#8217;octubre, al Local Jove de Celr\u00e0 tornar\u00e0s a trobar espai per a fer-hi activitats, progressar, tenir acompanyament i suport, <!--more-->estar amb les amistats, obtenir informaci\u00f3 i moltes activitats m\u00e9s!<\/p>\n<p>Ens trobar\u00e0s a la Pla\u00e7a de l&#8217;Esgl\u00e9sia!<\/p>\n<p><a href=\"http:\/\/joventut.celra.cat\/\" target=\"_blank\" rel=\"noopener\" data-saferedirecturl=\"https:\/\/www.google.com\/url?q=http:\/\/joventut.celra.cat\/&amp;source=gmail&amp;ust=1632404887888000&amp;usg=AFQjCNHQ7q8Gw9EXbi00WQoFDSVFRxsRPA\">joventut.celra.cat<\/a><br \/>\n<a href=\"mailto:joventut@celra.cat\" target=\"_blank\" rel=\"noopener\">joventut@celra.cat<\/a><br \/>\n972494232 | 637431553<i><span style=\"color: #0000ff;\"><br \/>\n<\/span><\/i><\/p>\n","protected":false},"excerpt":{"rendered":"<p>A partir del 4 d&#8217;octubre, al Local Jove de Celr\u00e0 tornar\u00e0s a trobar espai per a fer-hi activitats, progressar, tenir acompanyament i suport, <\/p>\n","protected":false},"author":1,"featured_media":0,"comment_status":"open","ping_status":"closed","sticky":false,"template":"","format":"standard","meta":{"_bbp_topic_count":0,"_bbp_reply_count":0,"_bbp_total_topic_count":0,"_bbp_total_reply_count":0,"_bbp_voice_count":0,"_bbp_anonymous_reply_count":0,"_bbp_topic_count_hidden":0,"_bbp_reply_count_hidden":0,"_bbp_forum_subforum_count":0,"footnotes":""},"categories":[103],"tags":[176,309,310],"class_list":["post-5247","post","type-post","status-publish","format-standard","hentry","category-actualitat","tag-ajuntament-de-celra","tag-curs-2021-2022","tag-local-jove"],"post_mailing_queue_ids":[],"_links":{"self":[{"href":"https:\/\/agora.xtec.cat\/iesdecelra\/wp-json\/wp\/v2\/posts\/5247","targetHints":{"allow":["GET"]}}],"collection":[{"href":"https:\/\/agora.xtec.cat\/iesdecelra\/wp-json\/wp\/v2\/posts"}],"about":[{"href":"https:\/\/agora.xtec.cat\/iesdecelra\/wp-json\/wp\/v2\/types\/post"}],"author":[{"embeddable":true,"href":"https:\/\/agora.xtec.cat\/iesdecelra\/wp-json\/wp\/v2\/users\/1"}],"replies":[{"embeddable":true,"href":"https:\/\/agora.xtec.cat\/iesdecelra\/wp-json\/wp\/v2\/comments?post=5247"}],"version-history":[{"count":2,"href":"https:\/\/agora.xtec.cat\/iesdecelra\/wp-json\/wp\/v2\/posts\/5247\/revisions"}],"predecessor-version":[{"id":5250,"href":"https:\/\/agora.xtec.cat\/iesdecelra\/wp-json\/wp\/v2\/posts\/5247\/revisions\/5250"}],"wp:attachment":[{"href":"https:\/\/agora.xtec.cat\/iesdecelra\/wp-json\/wp\/v2\/media?parent=5247"}],"wp:term":[{"taxonomy":"category","embeddable":true,"href":"https:\/\/agora.xtec.cat\/iesdecelra\/wp-json\/wp\/v2\/categories?post=5247"},{"taxonomy":"post_tag","embeddable":true,"href":"https:\/\/agora.xtec.cat\/iesdecelra\/wp-json\/wp\/v2\/tags?post=5247"}],"curies":[{"name":"wp","href":"https:\/\/api.w.org\/{rel}","templated":true}]}}