{"id":5232,"date":"2021-09-22T11:52:38","date_gmt":"2021-09-22T09:52:38","guid":{"rendered":"https:\/\/agora.xtec.cat\/iesdecelra\/?p=5232"},"modified":"2021-09-22T16:00:08","modified_gmt":"2021-09-22T14:00:08","slug":"donem-el-curs-per-inaugurat","status":"publish","type":"post","link":"https:\/\/agora.xtec.cat\/iesdecelra\/actualitat\/donem-el-curs-per-inaugurat\/","title":{"rendered":"DONEM EL CURS PER INAUGURAT!"},"content":{"rendered":"<p>Com cada any, encetem el curs amb les lli\u00e7ons inaugurals, que aquesta vegada hem pogut tornar a fer de manera presencial a l&#8217;Ateneu de Celr\u00e0. Aqu\u00ed teniu un resum de les que es van fer:<\/p>\n<p style=\"text-align: justify;\"><span style=\"font-size: 10pt;\"><b>1r ESO: Assumpta Montell\u00e0: \u201c<\/b><b>LA MATERNITAT D&#8217;ELNA: Educar amb els seus valors\u201d. <\/b><span style=\"font-weight: 400;\">Ens va parlar d\u2019una hist\u00f2ria que va escriure fa temps: <\/span><i><span style=\"font-weight: 400;\">La maternitat d\u2019Elna<\/span><\/i><span style=\"font-weight: 400;\">, un cant a la vida i a l\u2019esperan\u00e7a. Va explicar situacions molt doloroses que van patir la gent exiliada a Fran\u00e7a durant la postguerra. I vam aprendre que algunes persones ajuden als altres a canvi de res i aix\u00f2 ens fa cr\u00e9ixer. Perqu\u00e8 qui salva una vida, salva tota la humanitat. I per desgr\u00e0cia les imatges que va mostrar no s\u00f3n gaire diferents d\u2019exilis que veiem avui dia.<\/span><\/span><\/p>\n<p><img loading=\"lazy\" decoding=\"async\" class=\"aligncenter wp-image-5236\" src=\"https:\/\/agora.xtec.cat\/iesdecelra\/wp-content\/uploads\/usu1789\/2021\/09\/llico1r.png\" alt=\"\" width=\"699\" height=\"503\" srcset=\"https:\/\/agora.xtec.cat\/iesdecelra\/wp-content\/uploads\/usu1789\/2021\/09\/llico1r.png 820w, https:\/\/agora.xtec.cat\/iesdecelra\/wp-content\/uploads\/usu1789\/2021\/09\/llico1r-300x216.png 300w, https:\/\/agora.xtec.cat\/iesdecelra\/wp-content\/uploads\/usu1789\/2021\/09\/llico1r-768x554.png 768w\" sizes=\"auto, (max-width: 699px) 100vw, 699px\" \/><\/p>\n<p style=\"text-align: justify;\"><span style=\"font-size: 10pt;\"><b>2n ESO: Marc Buxaderas: \u201cEls l\u00edmits s\u00f3n a la teva ment\u201d <\/b><span style=\"font-weight: 400;\">En Marc ens va parlar de la seva experi\u00e8ncia vital. Va reivindicar que la societat ha de tenir en compte a les persones discapacitades i que escoles i instituts no han de tenir por a la difer\u00e8ncia, han de vetllar per totes les persones i acompanyar-les per tenir un futur. Amb molt sentit de l\u2019humor va exposar situacions que ha viscut molt desagradables per\u00f2 tamb\u00e9 ens va parlar de l\u2019amor i el recolzament que ha tingut tant de la seva fam\u00edlia com de moltes altres persones. I sempre ha estat positiu i ha lluitat per acabar cada projecte, sense rendir-se. Totes aquestes experi\u00e8ncies l\u2019han fet cr\u00e9ixer. Va acabar demanant perm\u00eds per fer una foto i penjar-la a l\u2019Instagram.\u00a0<\/span><\/span><\/p>\n<p><img loading=\"lazy\" decoding=\"async\" class=\"aligncenter size-full wp-image-5239\" src=\"https:\/\/agora.xtec.cat\/iesdecelra\/wp-content\/uploads\/usu1789\/2021\/09\/lico2nbis.png\" alt=\"\" width=\"687\" height=\"610\" srcset=\"https:\/\/agora.xtec.cat\/iesdecelra\/wp-content\/uploads\/usu1789\/2021\/09\/lico2nbis.png 687w, https:\/\/agora.xtec.cat\/iesdecelra\/wp-content\/uploads\/usu1789\/2021\/09\/lico2nbis-300x266.png 300w\" sizes=\"auto, (max-width: 687px) 100vw, 687px\" \/><\/p>\n<p style=\"text-align: justify;\"><span style=\"font-size: 10pt;\"><b>3r ESO: Driss Rasem: &#8220;The Dreamers&#8221;.<\/b><span style=\"font-weight: 400;\"> Driss Rasem va presentar la seva viv\u00e8ncia: la infantesa, l&#8217;adolesc\u00e8ncia i el viatge que va fer amb pastera creuant el Mediterrani. Amb les olors, els sentiments, els records&#8230; ens va fer reflexionar sobre la societat actual, sobre la lluita, l&#8217;esfor\u00e7, aprendre i cr\u00e9ixer.<\/span><\/span><\/p>\n<p><img loading=\"lazy\" decoding=\"async\" class=\"aligncenter wp-image-5235\" src=\"https:\/\/agora.xtec.cat\/iesdecelra\/wp-content\/uploads\/usu1789\/2021\/09\/llico3r.png\" alt=\"\" width=\"679\" height=\"562\" srcset=\"https:\/\/agora.xtec.cat\/iesdecelra\/wp-content\/uploads\/usu1789\/2021\/09\/llico3r.png 787w, https:\/\/agora.xtec.cat\/iesdecelra\/wp-content\/uploads\/usu1789\/2021\/09\/llico3r-300x249.png 300w, https:\/\/agora.xtec.cat\/iesdecelra\/wp-content\/uploads\/usu1789\/2021\/09\/llico3r-768x636.png 768w\" sizes=\"auto, (max-width: 679px) 100vw, 679px\" \/><\/p>\n<p style=\"text-align: justify;\"><span style=\"font-size: 10pt;\"><b>4rt ESO: Albert L\u00f3pez: <\/b><b>&#8220;El mite d&#8217;Atlas i qu\u00e8 fer amb la meva vida.&#8221; <\/b><span style=\"font-weight: 400;\">D\u2019on venim? On som? On anem? Va llen\u00e7ar moltes preguntes per fer entendre als alumnes que aquest any acabaran l\u2019ESO que fer-se grans vol dir madurar i assumir responsabilitats. Els va fer plantejar-se qui volen ser i qu\u00e8 volen fer amb la seva vida. Ens va parlar del m\u00f3n, de la bretxa social, del canvi clim\u00e0tic i dels negocis de les guerres. I tamb\u00e9 de la bellesa que hi ha al m\u00f3n, animals, paisatges, i moltes coses per fer! Ens va deixar clar que l\u2019alegria \u00e9s l\u2019arma m\u00e9s poderosa i que nom\u00e9s podem ser feli\u00e7os en un entorn que ho \u00e9s! Hem de deixar de mirar-nos tant el melic i entendre que som un tot que camina cap al futur. Per tant, amb els aprenentatges creixem!<\/span><\/span><\/p>\n<p><img loading=\"lazy\" decoding=\"async\" class=\"aligncenter wp-image-5233\" src=\"https:\/\/agora.xtec.cat\/iesdecelra\/wp-content\/uploads\/usu1789\/2021\/09\/llico4t.png\" alt=\"\" width=\"685\" height=\"538\" srcset=\"https:\/\/agora.xtec.cat\/iesdecelra\/wp-content\/uploads\/usu1789\/2021\/09\/llico4t.png 898w, https:\/\/agora.xtec.cat\/iesdecelra\/wp-content\/uploads\/usu1789\/2021\/09\/llico4t-300x236.png 300w, https:\/\/agora.xtec.cat\/iesdecelra\/wp-content\/uploads\/usu1789\/2021\/09\/llico4t-768x603.png 768w\" sizes=\"auto, (max-width: 685px) 100vw, 685px\" \/><\/p>\n<p style=\"text-align: justify;\"><span style=\"font-size: 10pt;\"><b>BATXILLERAT: Josep Maria Carb\u00f3: \u201cAprendre, qu\u00e8? Cr\u00e9ixer, cap a on?\u201d<\/b><span style=\"font-weight: 400;\"> Qu\u00e8 aprenem? Qu\u00e8 s&#8217;ensenya? Cr\u00e9ixer cap a on? Cr\u00e9ixer per qu\u00e8? Aquestes preguntes van ser algunes de les que va proposar Josep Maria Carb\u00f3 per convidar l&#8217;alumnat de batxillerat a buscar el seu desenvolupament integral. Parlar d&#8217;aprendre no \u00e9s parlar de coneixement curriculars, no \u00e9s parlar d&#8217;ex\u00e0mens, de selecci\u00f3, de tria, parlar d&#8217;aprendre i de cr\u00e9ixer \u00e9s parlar de desenvolupament com a persones i aix\u00f2 \u00e9s el que hem de perseguir.\u00a0\u00a0<\/span><\/span><\/p>\n<p><img loading=\"lazy\" decoding=\"async\" class=\"aligncenter wp-image-5241\" src=\"https:\/\/agora.xtec.cat\/iesdecelra\/wp-content\/uploads\/usu1789\/2021\/09\/llicobatx-scaled.jpg\" alt=\"\" width=\"687\" height=\"423\" srcset=\"https:\/\/agora.xtec.cat\/iesdecelra\/wp-content\/uploads\/usu1789\/2021\/09\/llicobatx-scaled.jpg 2560w, https:\/\/agora.xtec.cat\/iesdecelra\/wp-content\/uploads\/usu1789\/2021\/09\/llicobatx-300x185.jpg 300w, https:\/\/agora.xtec.cat\/iesdecelra\/wp-content\/uploads\/usu1789\/2021\/09\/llicobatx-1024x631.jpg 1024w, https:\/\/agora.xtec.cat\/iesdecelra\/wp-content\/uploads\/usu1789\/2021\/09\/llicobatx-768x473.jpg 768w, https:\/\/agora.xtec.cat\/iesdecelra\/wp-content\/uploads\/usu1789\/2021\/09\/llicobatx-1536x946.jpg 1536w, https:\/\/agora.xtec.cat\/iesdecelra\/wp-content\/uploads\/usu1789\/2021\/09\/llicobatx-2048x1261.jpg 2048w\" sizes=\"auto, (max-width: 687px) 100vw, 687px\" \/><\/p>\n","protected":false},"excerpt":{"rendered":"<p>Com cada any, encetem el curs amb les lli\u00e7ons inaugurals, que aquesta vegada hem pogut tornar a fer de manera presencial a l&#8217;Ateneu de Celr\u00e0. Aqu\u00ed teniu un resum de les que es van fer:<br \/>\n1r ESO: Assumpta Montell\u00e0: \u201cLA MATERNITAT D&#8217;ELNA: Educar amb els seus&hellip;  <a href=\"https:\/\/agora.xtec.cat\/iesdecelra\/actualitat\/donem-el-curs-per-inaugurat\/\" title=\"Read DONEM EL CURS PER INAUGURAT!\">Llegeix m\u00e9s\u00bb<\/a><\/p>\n","protected":false},"author":1,"featured_media":5236,"comment_status":"open","ping_status":"closed","sticky":false,"template":"","format":"standard","meta":{"_bbp_topic_count":0,"_bbp_reply_count":0,"_bbp_total_topic_count":0,"_bbp_total_reply_count":0,"_bbp_voice_count":0,"_bbp_anonymous_reply_count":0,"_bbp_topic_count_hidden":0,"_bbp_reply_count_hidden":0,"_bbp_forum_subforum_count":0,"footnotes":""},"categories":[103],"tags":[309,121],"class_list":["post-5232","post","type-post","status-publish","format-standard","has-post-thumbnail","hentry","category-actualitat","tag-curs-2021-2022","tag-llico-inaugural"],"post_mailing_queue_ids":[],"_links":{"self":[{"href":"https:\/\/agora.xtec.cat\/iesdecelra\/wp-json\/wp\/v2\/posts\/5232","targetHints":{"allow":["GET"]}}],"collection":[{"href":"https:\/\/agora.xtec.cat\/iesdecelra\/wp-json\/wp\/v2\/posts"}],"about":[{"href":"https:\/\/agora.xtec.cat\/iesdecelra\/wp-json\/wp\/v2\/types\/post"}],"author":[{"embeddable":true,"href":"https:\/\/agora.xtec.cat\/iesdecelra\/wp-json\/wp\/v2\/users\/1"}],"replies":[{"embeddable":true,"href":"https:\/\/agora.xtec.cat\/iesdecelra\/wp-json\/wp\/v2\/comments?post=5232"}],"version-history":[{"count":3,"href":"https:\/\/agora.xtec.cat\/iesdecelra\/wp-json\/wp\/v2\/posts\/5232\/revisions"}],"predecessor-version":[{"id":5251,"href":"https:\/\/agora.xtec.cat\/iesdecelra\/wp-json\/wp\/v2\/posts\/5232\/revisions\/5251"}],"wp:featuredmedia":[{"embeddable":true,"href":"https:\/\/agora.xtec.cat\/iesdecelra\/wp-json\/wp\/v2\/media\/5236"}],"wp:attachment":[{"href":"https:\/\/agora.xtec.cat\/iesdecelra\/wp-json\/wp\/v2\/media?parent=5232"}],"wp:term":[{"taxonomy":"category","embeddable":true,"href":"https:\/\/agora.xtec.cat\/iesdecelra\/wp-json\/wp\/v2\/categories?post=5232"},{"taxonomy":"post_tag","embeddable":true,"href":"https:\/\/agora.xtec.cat\/iesdecelra\/wp-json\/wp\/v2\/tags?post=5232"}],"curies":[{"name":"wp","href":"https:\/\/api.w.org\/{rel}","templated":true}]}}