{"id":5149,"date":"2021-08-03T11:18:06","date_gmt":"2021-08-03T09:18:06","guid":{"rendered":"https:\/\/agora.xtec.cat\/iesdecelra\/?p=5149"},"modified":"2021-08-03T11:20:44","modified_gmt":"2021-08-03T09:20:44","slug":"laura-bechdeju-olimpica","status":"publish","type":"post","link":"https:\/\/agora.xtec.cat\/iesdecelra\/actualitat\/laura-bechdeju-olimpica\/","title":{"rendered":"LAURA BECHDEJ\u00da OL\u00cdMPICA"},"content":{"rendered":"<p style=\"text-align: center;\"><i>L&#8217;Institut de Celr\u00e0 ja compta en el seu historial una gimnasta ol\u00edmpica.<\/i><\/p>\n<p style=\"text-align: justify;\">Laura Bechdej\u00fa Coll, exalumna de l&#8217;Institut de Celr\u00e0, que actualment t\u00e9 21 anys, ha participat en les Olimp\u00edades de T\u00f2quio en la modalitat de Gimn\u00e0stica Art\u00edstica.<\/p>\n<p><img loading=\"lazy\" decoding=\"async\" class=\"aligncenter wp-image-5150\" src=\"https:\/\/agora.xtec.cat\/iesdecelra\/wp-content\/uploads\/usu1789\/2021\/08\/laura-barra.jpg\" alt=\"\" width=\"599\" height=\"381\" \/><\/p>\n<p style=\"text-align: justify;\">La Laura es va iniciar en el m\u00f3n de la gimn\u00e0stica en el Salt Gimn\u00e0stic Club i d&#8217;all\u00e0 va fer el salt al CAR de Madrid on ha estat membre de la Selecci\u00f3 Espanyola durant els darrers anys. En el seu palmar\u00e8s t\u00e9 Campionats d&#8217;Espanya, ha participat a Campionats d&#8217;Europa i del m\u00f3n i la seva darrera fita ha estat la participaci\u00f3 en aquests recents Jocs de T\u00f2quio.<\/p>\n<p style=\"text-align: justify;\">A les fotos la veieu en el seu exercici de barra i amb la seva companya d&#8217;equip, Marina Gonz\u00e1lez, gimnasta tamb\u00e9 formada al Salt Gimn\u00e0stic, en la recepci\u00f3 que se&#8217;ls va fer en les mateixes instal.lacions del club.<\/p>\n<p style=\"text-align: justify;\">Moltes felicitats, Laura!<\/p>\n<p><img loading=\"lazy\" decoding=\"async\" class=\"aligncenter wp-image-5151\" src=\"https:\/\/agora.xtec.cat\/iesdecelra\/wp-content\/uploads\/usu1789\/2021\/08\/les-tres.jpg\" alt=\"\" width=\"578\" height=\"770\" srcset=\"https:\/\/agora.xtec.cat\/iesdecelra\/wp-content\/uploads\/usu1789\/2021\/08\/les-tres.jpg 1536w, https:\/\/agora.xtec.cat\/iesdecelra\/wp-content\/uploads\/usu1789\/2021\/08\/les-tres-225x300.jpg 225w, https:\/\/agora.xtec.cat\/iesdecelra\/wp-content\/uploads\/usu1789\/2021\/08\/les-tres-768x1024.jpg 768w, https:\/\/agora.xtec.cat\/iesdecelra\/wp-content\/uploads\/usu1789\/2021\/08\/les-tres-1152x1536.jpg 1152w\" sizes=\"auto, (max-width: 578px) 100vw, 578px\" \/><\/p>\n","protected":false},"excerpt":{"rendered":"<p>L&#8217;Institut de Celr\u00e0 ja compta en el seu historial una gimnasta ol\u00edmpica.<br \/>\nLaura Bechdej\u00fa Coll, exalumna de l&#8217;Institut de Celr\u00e0, que actualment t\u00e9 21 anys, ha participat en les Olimp\u00edades de T\u00f2quio en la modalitat de Gimn\u00e0stica Art\u00edstica.<\/p>\n<p>La Laura es va iniciar en el m\u00f3n de&hellip;  <a href=\"https:\/\/agora.xtec.cat\/iesdecelra\/actualitat\/laura-bechdeju-olimpica\/\" title=\"Read LAURA BECHDEJ\u00da OL\u00cdMPICA\">Llegeix m\u00e9s\u00bb<\/a><\/p>\n","protected":false},"author":1,"featured_media":5150,"comment_status":"open","ping_status":"closed","sticky":false,"template":"","format":"standard","meta":{"_bbp_topic_count":0,"_bbp_reply_count":0,"_bbp_total_topic_count":0,"_bbp_total_reply_count":0,"_bbp_voice_count":0,"_bbp_anonymous_reply_count":0,"_bbp_topic_count_hidden":0,"_bbp_reply_count_hidden":0,"_bbp_forum_subforum_count":0,"footnotes":""},"categories":[103],"tags":[289,307],"class_list":["post-5149","post","type-post","status-publish","format-standard","has-post-thumbnail","hentry","category-actualitat","tag-curs-2020-2021","tag-exalumnes"],"post_mailing_queue_ids":[],"_links":{"self":[{"href":"https:\/\/agora.xtec.cat\/iesdecelra\/wp-json\/wp\/v2\/posts\/5149","targetHints":{"allow":["GET"]}}],"collection":[{"href":"https:\/\/agora.xtec.cat\/iesdecelra\/wp-json\/wp\/v2\/posts"}],"about":[{"href":"https:\/\/agora.xtec.cat\/iesdecelra\/wp-json\/wp\/v2\/types\/post"}],"author":[{"embeddable":true,"href":"https:\/\/agora.xtec.cat\/iesdecelra\/wp-json\/wp\/v2\/users\/1"}],"replies":[{"embeddable":true,"href":"https:\/\/agora.xtec.cat\/iesdecelra\/wp-json\/wp\/v2\/comments?post=5149"}],"version-history":[{"count":1,"href":"https:\/\/agora.xtec.cat\/iesdecelra\/wp-json\/wp\/v2\/posts\/5149\/revisions"}],"predecessor-version":[{"id":5152,"href":"https:\/\/agora.xtec.cat\/iesdecelra\/wp-json\/wp\/v2\/posts\/5149\/revisions\/5152"}],"wp:featuredmedia":[{"embeddable":true,"href":"https:\/\/agora.xtec.cat\/iesdecelra\/wp-json\/wp\/v2\/media\/5150"}],"wp:attachment":[{"href":"https:\/\/agora.xtec.cat\/iesdecelra\/wp-json\/wp\/v2\/media?parent=5149"}],"wp:term":[{"taxonomy":"category","embeddable":true,"href":"https:\/\/agora.xtec.cat\/iesdecelra\/wp-json\/wp\/v2\/categories?post=5149"},{"taxonomy":"post_tag","embeddable":true,"href":"https:\/\/agora.xtec.cat\/iesdecelra\/wp-json\/wp\/v2\/tags?post=5149"}],"curies":[{"name":"wp","href":"https:\/\/api.w.org\/{rel}","templated":true}]}}