{"id":5044,"date":"2021-06-22T13:31:56","date_gmt":"2021-06-22T11:31:56","guid":{"rendered":"http:\/\/agora.xtec.cat\/iesdecelra\/?p=5044"},"modified":"2023-04-15T11:01:07","modified_gmt":"2023-04-15T09:01:07","slug":"video-resum-de-la-cooperativa-de-linstitut","status":"publish","type":"post","link":"https:\/\/agora.xtec.cat\/iesdecelra\/cursos\/eso\/eso-4\/video-resum-de-la-cooperativa-de-linstitut\/","title":{"rendered":"V\u00cdDEO RESUM DE LA COOPERATIVA DE L&#8217;INSTITUT"},"content":{"rendered":"<p style=\"text-align: justify;\">Aquest any, a causa de les dificultats per fer intercanvis, en comptes de la trobada anual de cooperatives escolars, des d&#8217;Emprengi (Associaci\u00f3 de Cooperatives escolars de les comarques gironines) s&#8217;ha optat per gravar v\u00eddeos explicatius de cada una de les cooperatives que hem participat del projecte. Aix\u00ed doncs, us presentem el v\u00eddeo-resum del que hem estat fent des de la cooperativa de l&#8217;institut durant aquest curs.<\/p>\n<p>Esperem que us agradi!<\/p>\n<p><iframe loading=\"lazy\" title=\"CALISERVIS EMPRENGI 2021\" width=\"500\" height=\"281\" src=\"https:\/\/www.youtube.com\/embed\/xKs3PKmRst4?feature=oembed\" frameborder=\"0\" allow=\"accelerometer; autoplay; clipboard-write; encrypted-media; gyroscope; picture-in-picture; web-share\" referrerpolicy=\"strict-origin-when-cross-origin\" allowfullscreen><\/iframe><\/p>\n","protected":false},"excerpt":{"rendered":"<p>Aquest any, a causa de les dificultats per fer intercanvis, en comptes de la trobada anual de cooperatives escolars, des d&#8217;Emprengi (Associaci\u00f3 de Cooperatives escolars de les comarques gironines) s&#8217;ha optat per gravar v\u00eddeos explicatius de cada una de les cooperatives que hem participat del&hellip;  <a href=\"https:\/\/agora.xtec.cat\/iesdecelra\/cursos\/eso\/eso-4\/video-resum-de-la-cooperativa-de-linstitut\/\" title=\"Read V\u00cdDEO RESUM DE LA COOPERATIVA DE L&#8217;INSTITUT\">Llegeix m\u00e9s\u00bb<\/a><\/p>\n","protected":false},"author":1,"featured_media":5047,"comment_status":"open","ping_status":"closed","sticky":false,"template":"","format":"standard","meta":{"_bbp_topic_count":0,"_bbp_reply_count":0,"_bbp_total_topic_count":0,"_bbp_total_reply_count":0,"_bbp_voice_count":0,"_bbp_anonymous_reply_count":0,"_bbp_topic_count_hidden":0,"_bbp_reply_count_hidden":0,"_bbp_forum_subforum_count":0,"footnotes":""},"categories":[103,347,7],"tags":[179,289],"class_list":["post-5044","post","type-post","status-publish","format-standard","has-post-thumbnail","hentry","category-actualitat","category-cooperativa","category-eso-4","tag-cooperativa","tag-curs-2020-2021"],"post_mailing_queue_ids":[],"_links":{"self":[{"href":"https:\/\/agora.xtec.cat\/iesdecelra\/wp-json\/wp\/v2\/posts\/5044","targetHints":{"allow":["GET"]}}],"collection":[{"href":"https:\/\/agora.xtec.cat\/iesdecelra\/wp-json\/wp\/v2\/posts"}],"about":[{"href":"https:\/\/agora.xtec.cat\/iesdecelra\/wp-json\/wp\/v2\/types\/post"}],"author":[{"embeddable":true,"href":"https:\/\/agora.xtec.cat\/iesdecelra\/wp-json\/wp\/v2\/users\/1"}],"replies":[{"embeddable":true,"href":"https:\/\/agora.xtec.cat\/iesdecelra\/wp-json\/wp\/v2\/comments?post=5044"}],"version-history":[{"count":2,"href":"https:\/\/agora.xtec.cat\/iesdecelra\/wp-json\/wp\/v2\/posts\/5044\/revisions"}],"predecessor-version":[{"id":5046,"href":"https:\/\/agora.xtec.cat\/iesdecelra\/wp-json\/wp\/v2\/posts\/5044\/revisions\/5046"}],"wp:featuredmedia":[{"embeddable":true,"href":"https:\/\/agora.xtec.cat\/iesdecelra\/wp-json\/wp\/v2\/media\/5047"}],"wp:attachment":[{"href":"https:\/\/agora.xtec.cat\/iesdecelra\/wp-json\/wp\/v2\/media?parent=5044"}],"wp:term":[{"taxonomy":"category","embeddable":true,"href":"https:\/\/agora.xtec.cat\/iesdecelra\/wp-json\/wp\/v2\/categories?post=5044"},{"taxonomy":"post_tag","embeddable":true,"href":"https:\/\/agora.xtec.cat\/iesdecelra\/wp-json\/wp\/v2\/tags?post=5044"}],"curies":[{"name":"wp","href":"https:\/\/api.w.org\/{rel}","templated":true}]}}