{"id":5023,"date":"2021-06-22T08:29:12","date_gmt":"2021-06-22T06:29:12","guid":{"rendered":"http:\/\/agora.xtec.cat\/iesdecelra\/?p=5023"},"modified":"2021-06-21T13:37:43","modified_gmt":"2021-06-21T11:37:43","slug":"acte-de-graduacio-de-2n-de-batxillerat","status":"publish","type":"post","link":"https:\/\/agora.xtec.cat\/iesdecelra\/cursos\/batxillerat\/acte-de-graduacio-de-2n-de-batxillerat\/","title":{"rendered":"ACTE DE GRADUACI\u00d3 DE 2n DE BATXILLERAT"},"content":{"rendered":"<p>El passat dijous 17 de juny va tenir lloc al Pavell\u00f3 de les Piscines Velles de Celr\u00e0 l&#8217;acte de graduaci\u00f3 de 2n de batxillerat. Aquest acte \u00e9s organitzat pel mateix alumnat, que s&#8217;encarrega de l&#8217;ambientaci\u00f3 del local i del disseny, la presentaci\u00f3 i el desenvolupament de tot l&#8217;acte. Hi van assistir els i les alumnes de la promoci\u00f3, el professorat i les fam\u00edlies.<\/p>\n<p>Enguany hi va haver diferents parlaments de professorat (la Laura Riera com a directora i professora d&#8217;aquesta generaci\u00f3, la Cristina Salv\u00e0 com a professora de matem\u00e0tiques durant el batxillerat i l&#8217;Olga Soler, com a professora de catal\u00e0) i d&#8217;alumnat (la Iona L\u00f3pez, l&#8217;Aurembiaix Sabadell i en Guillem Falg\u00e0s).<\/p>\n<p>L&#8217;acte va acabar amb el lliurament de bandes i un detall de record a tot l&#8217;alumnat.<\/p>\n<table>\n<tbody>\n<tr>\n<td><img loading=\"lazy\" decoding=\"async\" class=\"aligncenter size-full wp-image-5032\" src=\"https:\/\/agora.xtec.cat\/iesdecelra\/wp-content\/uploads\/usu1789\/2021\/06\/g2.jpg\" alt=\"\" width=\"2000\" height=\"1334\" srcset=\"https:\/\/agora.xtec.cat\/iesdecelra\/wp-content\/uploads\/usu1789\/2021\/06\/g2.jpg 2000w, https:\/\/agora.xtec.cat\/iesdecelra\/wp-content\/uploads\/usu1789\/2021\/06\/g2-300x200.jpg 300w, https:\/\/agora.xtec.cat\/iesdecelra\/wp-content\/uploads\/usu1789\/2021\/06\/g2-768x512.jpg 768w, https:\/\/agora.xtec.cat\/iesdecelra\/wp-content\/uploads\/usu1789\/2021\/06\/g2-1024x683.jpg 1024w\" sizes=\"auto, (max-width: 2000px) 100vw, 2000px\" \/><\/td>\n<td><img loading=\"lazy\" decoding=\"async\" class=\"aligncenter size-full wp-image-5034\" src=\"https:\/\/agora.xtec.cat\/iesdecelra\/wp-content\/uploads\/usu1789\/2021\/06\/g4.jpg\" alt=\"\" width=\"2000\" height=\"1334\" srcset=\"https:\/\/agora.xtec.cat\/iesdecelra\/wp-content\/uploads\/usu1789\/2021\/06\/g4.jpg 2000w, https:\/\/agora.xtec.cat\/iesdecelra\/wp-content\/uploads\/usu1789\/2021\/06\/g4-300x200.jpg 300w, https:\/\/agora.xtec.cat\/iesdecelra\/wp-content\/uploads\/usu1789\/2021\/06\/g4-768x512.jpg 768w, https:\/\/agora.xtec.cat\/iesdecelra\/wp-content\/uploads\/usu1789\/2021\/06\/g4-1024x683.jpg 1024w\" sizes=\"auto, (max-width: 2000px) 100vw, 2000px\" \/><\/td>\n<\/tr>\n<tr>\n<td><img loading=\"lazy\" decoding=\"async\" class=\"aligncenter size-full wp-image-5033\" src=\"https:\/\/agora.xtec.cat\/iesdecelra\/wp-content\/uploads\/usu1789\/2021\/06\/g3.jpg\" alt=\"\" width=\"2000\" height=\"1334\" srcset=\"https:\/\/agora.xtec.cat\/iesdecelra\/wp-content\/uploads\/usu1789\/2021\/06\/g3.jpg 2000w, https:\/\/agora.xtec.cat\/iesdecelra\/wp-content\/uploads\/usu1789\/2021\/06\/g3-300x200.jpg 300w, https:\/\/agora.xtec.cat\/iesdecelra\/wp-content\/uploads\/usu1789\/2021\/06\/g3-768x512.jpg 768w, https:\/\/agora.xtec.cat\/iesdecelra\/wp-content\/uploads\/usu1789\/2021\/06\/g3-1024x683.jpg 1024w\" sizes=\"auto, (max-width: 2000px) 100vw, 2000px\" \/><\/td>\n<td><img loading=\"lazy\" decoding=\"async\" class=\"aligncenter size-full wp-image-5035\" src=\"https:\/\/agora.xtec.cat\/iesdecelra\/wp-content\/uploads\/usu1789\/2021\/06\/g6.jpg\" alt=\"\" width=\"2000\" height=\"1334\" srcset=\"https:\/\/agora.xtec.cat\/iesdecelra\/wp-content\/uploads\/usu1789\/2021\/06\/g6.jpg 2000w, https:\/\/agora.xtec.cat\/iesdecelra\/wp-content\/uploads\/usu1789\/2021\/06\/g6-300x200.jpg 300w, https:\/\/agora.xtec.cat\/iesdecelra\/wp-content\/uploads\/usu1789\/2021\/06\/g6-768x512.jpg 768w, https:\/\/agora.xtec.cat\/iesdecelra\/wp-content\/uploads\/usu1789\/2021\/06\/g6-1024x683.jpg 1024w\" sizes=\"auto, (max-width: 2000px) 100vw, 2000px\" \/><\/td>\n<\/tr>\n<\/tbody>\n<\/table>\n<table>\n<tbody>\n<tr>\n<td><img loading=\"lazy\" decoding=\"async\" class=\"aligncenter size-full wp-image-5037\" src=\"https:\/\/agora.xtec.cat\/iesdecelra\/wp-content\/uploads\/usu1789\/2021\/06\/g5-1.jpg\" alt=\"\" width=\"4251\" height=\"1771\" srcset=\"https:\/\/agora.xtec.cat\/iesdecelra\/wp-content\/uploads\/usu1789\/2021\/06\/g5-1.jpg 4251w, https:\/\/agora.xtec.cat\/iesdecelra\/wp-content\/uploads\/usu1789\/2021\/06\/g5-1-300x125.jpg 300w, https:\/\/agora.xtec.cat\/iesdecelra\/wp-content\/uploads\/usu1789\/2021\/06\/g5-1-768x320.jpg 768w, https:\/\/agora.xtec.cat\/iesdecelra\/wp-content\/uploads\/usu1789\/2021\/06\/g5-1-1024x427.jpg 1024w\" sizes=\"auto, (max-width: 4251px) 100vw, 4251px\" \/><\/td>\n<\/tr>\n<\/tbody>\n<\/table>\n<p>Que tingueu molta sort!!<\/p>\n","protected":false},"excerpt":{"rendered":"<p>El passat dijous 17 de juny va tenir lloc al Pavell\u00f3 de les Piscines Velles de Celr\u00e0 l&#8217;acte de graduaci\u00f3 de 2n de batxillerat. Aquest acte \u00e9s organitzat pel mateix alumnat, que s&#8217;encarrega de l&#8217;ambientaci\u00f3 del local i del disseny, la presentaci\u00f3 i el desenvolupament&hellip;  <a href=\"https:\/\/agora.xtec.cat\/iesdecelra\/cursos\/batxillerat\/acte-de-graduacio-de-2n-de-batxillerat\/\" title=\"Read ACTE DE GRADUACI\u00d3 DE 2n DE BATXILLERAT\">Llegeix m\u00e9s\u00bb<\/a><\/p>\n","protected":false},"author":1,"featured_media":5027,"comment_status":"open","ping_status":"closed","sticky":false,"template":"","format":"standard","meta":{"_bbp_topic_count":0,"_bbp_reply_count":0,"_bbp_total_topic_count":0,"_bbp_total_reply_count":0,"_bbp_voice_count":0,"_bbp_anonymous_reply_count":0,"_bbp_topic_count_hidden":0,"_bbp_reply_count_hidden":0,"_bbp_forum_subforum_count":0,"footnotes":""},"categories":[103,8],"tags":[215,289],"class_list":["post-5023","post","type-post","status-publish","format-standard","has-post-thumbnail","hentry","category-actualitat","category-batxillerat","tag-comiat-2n-batxillerat","tag-curs-2020-2021"],"post_mailing_queue_ids":[],"_links":{"self":[{"href":"https:\/\/agora.xtec.cat\/iesdecelra\/wp-json\/wp\/v2\/posts\/5023","targetHints":{"allow":["GET"]}}],"collection":[{"href":"https:\/\/agora.xtec.cat\/iesdecelra\/wp-json\/wp\/v2\/posts"}],"about":[{"href":"https:\/\/agora.xtec.cat\/iesdecelra\/wp-json\/wp\/v2\/types\/post"}],"author":[{"embeddable":true,"href":"https:\/\/agora.xtec.cat\/iesdecelra\/wp-json\/wp\/v2\/users\/1"}],"replies":[{"embeddable":true,"href":"https:\/\/agora.xtec.cat\/iesdecelra\/wp-json\/wp\/v2\/comments?post=5023"}],"version-history":[{"count":3,"href":"https:\/\/agora.xtec.cat\/iesdecelra\/wp-json\/wp\/v2\/posts\/5023\/revisions"}],"predecessor-version":[{"id":5038,"href":"https:\/\/agora.xtec.cat\/iesdecelra\/wp-json\/wp\/v2\/posts\/5023\/revisions\/5038"}],"wp:featuredmedia":[{"embeddable":true,"href":"https:\/\/agora.xtec.cat\/iesdecelra\/wp-json\/wp\/v2\/media\/5027"}],"wp:attachment":[{"href":"https:\/\/agora.xtec.cat\/iesdecelra\/wp-json\/wp\/v2\/media?parent=5023"}],"wp:term":[{"taxonomy":"category","embeddable":true,"href":"https:\/\/agora.xtec.cat\/iesdecelra\/wp-json\/wp\/v2\/categories?post=5023"},{"taxonomy":"post_tag","embeddable":true,"href":"https:\/\/agora.xtec.cat\/iesdecelra\/wp-json\/wp\/v2\/tags?post=5023"}],"curies":[{"name":"wp","href":"https:\/\/api.w.org\/{rel}","templated":true}]}}