{"id":4909,"date":"2021-06-15T16:01:30","date_gmt":"2021-06-15T14:01:30","guid":{"rendered":"http:\/\/agora.xtec.cat\/iesdecelra\/?p=4909"},"modified":"2021-06-15T16:08:26","modified_gmt":"2021-06-15T14:08:26","slug":"tercera-edicio-dels-projectes-joves-per-celra","status":"publish","type":"post","link":"https:\/\/agora.xtec.cat\/iesdecelra\/cursos\/eso\/eso-3\/tercera-edicio-dels-projectes-joves-per-celra\/","title":{"rendered":"TERCERA EDICI\u00d3 DELS PROJECTES JOVES PER CELR\u00c0"},"content":{"rendered":"<p style=\"text-align: justify;\"><span style=\"font-weight: 400;\">Aquest curs els alumnes de 3r d&#8217;ESO han participat en la III edici\u00f3 de &#8220;<strong>Projectes Joves per Celr\u00e0<\/strong>&#8220;, una iniciativa conjunta de l&#8217;Institut amb l&#8217;Ajuntament de Celr\u00e0 que dona veu als joves i afavoreix els vincles amb l&#8217;entorn m\u00e9s proper.<\/span><\/p>\n<p style=\"text-align: justify;\"><span style=\"font-weight: 400;\">Amb l&#8217;objectiu d&#8217;apostar per un aprenentatge significatiu, els alumnes han hagut d&#8217;aplicar els continguts treballats a l&#8217;assignatura de Socials en una proposta de millora pel poble de Celr\u00e0. De tots els projectes presentats, se n&#8217;han seleccionat un total de quatre que han rebut el reconeixement de l&#8217;alcalde de Celr\u00e0, David Planas, que ha recollit les propostes presentades i n&#8217;ha valorat la seva aplicaci\u00f3 present i futura al poble.<\/span><\/p>\n<p style=\"text-align: justify;\"><span style=\"font-weight: 400;\">L&#8217;edici\u00f3 d&#8217;enguany s&#8217;ha realitzat en format virtual degut a les mesures Covid per aix\u00f2 aquest any especialment des de l&#8217;Institut de Celr\u00e0 volem agrair a alcaldia, equips de govern, t\u00e8cnics i personal de l&#8217;ajuntament la seva ajuda, motivaci\u00f3 i predisposici\u00f3 en la continu\u00eftat del projecte.<\/span><\/p>\n<p style=\"text-align: justify;\"><span style=\"font-weight: 400;\">Podeu veure les propostes seleccionades, els seus autors i les gravacions de valoraci\u00f3 en aquest <a href=\"https:\/\/drive.google.com\/drive\/folders\/1CzGRnXEToAHGEHZSF3w2lYL8MTB2pOY5?usp=sharing\">enlla\u00e7<\/a>.<\/span><\/p>\n<p style=\"text-align: justify;\"><span style=\"font-weight: 400;\">Els seleccionats d&#8217;enguany han estat:<\/span><\/p>\n<p style=\"text-align: justify;\"><span style=\"font-weight: 400;\">&#8211; <em>De Caps al Ter<\/em>, un projecte de Laia Ciurana, Ariadna Lara, Aina Masferrer i C\u00e8lia Peris de 3r A.<\/span><\/p>\n<p style=\"text-align: justify;\"><span style=\"font-weight: 400;\">&#8211; <em>Poble Net<\/em>, un projecte d&#8217;Albert Burset i Biel Homs de 3r A.<\/span><\/p>\n<p style=\"text-align: justify;\"><span style=\"font-weight: 400;\">&#8211; <em>Zona d&#8217;Acampada<\/em>, un projecte de Lluc Feliu, Marcel L\u00f3pez, Nel Massachs, Bruno Ponce i Abel Toribio de 3r D.<\/span><\/p>\n<p style=\"text-align: justify;\"><span style=\"font-weight: 400;\">&#8211; <em>Cel Calistenia<\/em>, un projecte de Muhamadou Jaiteh, Nil Oliveras, Marc Soler, Xavier Pruenca i Bilal Zeghari de 3r F.<\/span><\/p>\n<p style=\"text-align: justify;\"><span style=\"font-weight: 400;\">Felicitats a tots els participants!!<\/span><\/p>\n<table style=\"width: 738px;\">\n<tbody>\n<tr>\n<td style=\"width: 353.135px;\"><img loading=\"lazy\" decoding=\"async\" class=\"aligncenter size-full wp-image-4915\" src=\"https:\/\/agora.xtec.cat\/iesdecelra\/wp-content\/uploads\/usu1789\/2021\/06\/Projecte-Zona-d_Acampada-1-1.jpg\" alt=\"\" width=\"1520\" height=\"1200\" srcset=\"https:\/\/agora.xtec.cat\/iesdecelra\/wp-content\/uploads\/usu1789\/2021\/06\/Projecte-Zona-d_Acampada-1-1.jpg 1520w, https:\/\/agora.xtec.cat\/iesdecelra\/wp-content\/uploads\/usu1789\/2021\/06\/Projecte-Zona-d_Acampada-1-1-300x237.jpg 300w, https:\/\/agora.xtec.cat\/iesdecelra\/wp-content\/uploads\/usu1789\/2021\/06\/Projecte-Zona-d_Acampada-1-1-768x606.jpg 768w, https:\/\/agora.xtec.cat\/iesdecelra\/wp-content\/uploads\/usu1789\/2021\/06\/Projecte-Zona-d_Acampada-1-1-1024x808.jpg 1024w\" sizes=\"auto, (max-width: 1520px) 100vw, 1520px\" \/><\/td>\n<td style=\"width: 376.865px;\"><img loading=\"lazy\" decoding=\"async\" class=\"aligncenter size-full wp-image-4912\" src=\"https:\/\/agora.xtec.cat\/iesdecelra\/wp-content\/uploads\/usu1789\/2021\/06\/Projecte-Cel-Calistenia-Parc-1-1.jpg\" alt=\"\" width=\"2016\" height=\"1290\" srcset=\"https:\/\/agora.xtec.cat\/iesdecelra\/wp-content\/uploads\/usu1789\/2021\/06\/Projecte-Cel-Calistenia-Parc-1-1.jpg 2016w, https:\/\/agora.xtec.cat\/iesdecelra\/wp-content\/uploads\/usu1789\/2021\/06\/Projecte-Cel-Calistenia-Parc-1-1-300x192.jpg 300w, https:\/\/agora.xtec.cat\/iesdecelra\/wp-content\/uploads\/usu1789\/2021\/06\/Projecte-Cel-Calistenia-Parc-1-1-768x491.jpg 768w, https:\/\/agora.xtec.cat\/iesdecelra\/wp-content\/uploads\/usu1789\/2021\/06\/Projecte-Cel-Calistenia-Parc-1-1-1024x655.jpg 1024w\" sizes=\"auto, (max-width: 2016px) 100vw, 2016px\" \/><\/td>\n<\/tr>\n<tr>\n<td style=\"width: 353.135px;\"><img loading=\"lazy\" decoding=\"async\" class=\"aligncenter size-full wp-image-4914\" src=\"https:\/\/agora.xtec.cat\/iesdecelra\/wp-content\/uploads\/usu1789\/2021\/06\/Projecte-Poble-Net-1-1.jpg\" alt=\"\" width=\"2312\" height=\"2124\" srcset=\"https:\/\/agora.xtec.cat\/iesdecelra\/wp-content\/uploads\/usu1789\/2021\/06\/Projecte-Poble-Net-1-1.jpg 2312w, https:\/\/agora.xtec.cat\/iesdecelra\/wp-content\/uploads\/usu1789\/2021\/06\/Projecte-Poble-Net-1-1-300x276.jpg 300w, https:\/\/agora.xtec.cat\/iesdecelra\/wp-content\/uploads\/usu1789\/2021\/06\/Projecte-Poble-Net-1-1-768x706.jpg 768w, https:\/\/agora.xtec.cat\/iesdecelra\/wp-content\/uploads\/usu1789\/2021\/06\/Projecte-Poble-Net-1-1-1024x941.jpg 1024w\" sizes=\"auto, (max-width: 2312px) 100vw, 2312px\" \/><\/td>\n<td style=\"width: 376.865px;\"><img loading=\"lazy\" decoding=\"async\" class=\"aligncenter size-full wp-image-4911\" src=\"https:\/\/agora.xtec.cat\/iesdecelra\/wp-content\/uploads\/usu1789\/2021\/06\/Projecte-De-Caps-al-Ter-1-1.jpg\" alt=\"\" width=\"2459\" height=\"2124\" srcset=\"https:\/\/agora.xtec.cat\/iesdecelra\/wp-content\/uploads\/usu1789\/2021\/06\/Projecte-De-Caps-al-Ter-1-1.jpg 2459w, https:\/\/agora.xtec.cat\/iesdecelra\/wp-content\/uploads\/usu1789\/2021\/06\/Projecte-De-Caps-al-Ter-1-1-300x259.jpg 300w, https:\/\/agora.xtec.cat\/iesdecelra\/wp-content\/uploads\/usu1789\/2021\/06\/Projecte-De-Caps-al-Ter-1-1-768x663.jpg 768w, https:\/\/agora.xtec.cat\/iesdecelra\/wp-content\/uploads\/usu1789\/2021\/06\/Projecte-De-Caps-al-Ter-1-1-1024x884.jpg 1024w\" sizes=\"auto, (max-width: 2459px) 100vw, 2459px\" \/><\/td>\n<\/tr>\n<\/tbody>\n<\/table>\n","protected":false},"excerpt":{"rendered":"<p>Aquest curs els alumnes de 3r d&#8217;ESO han participat en la III edici\u00f3 de &#8220;Projectes Joves per Celr\u00e0&#8220;, una iniciativa conjunta de l&#8217;Institut amb l&#8217;Ajuntament de Celr\u00e0 que dona veu als joves i afavoreix els vincles amb l&#8217;entorn m\u00e9s proper.<br \/>\nAmb l&#8217;objectiu d&#8217;apostar per un aprenentatge&hellip;  <a href=\"https:\/\/agora.xtec.cat\/iesdecelra\/cursos\/eso\/eso-3\/tercera-edicio-dels-projectes-joves-per-celra\/\" title=\"Read TERCERA EDICI\u00d3 DELS PROJECTES JOVES PER CELR\u00c0\">Llegeix m\u00e9s\u00bb<\/a><\/p>\n","protected":false},"author":1,"featured_media":4912,"comment_status":"open","ping_status":"closed","sticky":false,"template":"","format":"standard","meta":{"_bbp_topic_count":0,"_bbp_reply_count":0,"_bbp_total_topic_count":0,"_bbp_total_reply_count":0,"_bbp_voice_count":0,"_bbp_anonymous_reply_count":0,"_bbp_topic_count_hidden":0,"_bbp_reply_count_hidden":0,"_bbp_forum_subforum_count":0,"footnotes":""},"categories":[103,6],"tags":[176,289,150],"class_list":["post-4909","post","type-post","status-publish","format-standard","has-post-thumbnail","hentry","category-actualitat","category-eso-3","tag-ajuntament-de-celra","tag-curs-2020-2021","tag-departament-de-ciencies-socials"],"post_mailing_queue_ids":[],"_links":{"self":[{"href":"https:\/\/agora.xtec.cat\/iesdecelra\/wp-json\/wp\/v2\/posts\/4909","targetHints":{"allow":["GET"]}}],"collection":[{"href":"https:\/\/agora.xtec.cat\/iesdecelra\/wp-json\/wp\/v2\/posts"}],"about":[{"href":"https:\/\/agora.xtec.cat\/iesdecelra\/wp-json\/wp\/v2\/types\/post"}],"author":[{"embeddable":true,"href":"https:\/\/agora.xtec.cat\/iesdecelra\/wp-json\/wp\/v2\/users\/1"}],"replies":[{"embeddable":true,"href":"https:\/\/agora.xtec.cat\/iesdecelra\/wp-json\/wp\/v2\/comments?post=4909"}],"version-history":[{"count":3,"href":"https:\/\/agora.xtec.cat\/iesdecelra\/wp-json\/wp\/v2\/posts\/4909\/revisions"}],"predecessor-version":[{"id":4916,"href":"https:\/\/agora.xtec.cat\/iesdecelra\/wp-json\/wp\/v2\/posts\/4909\/revisions\/4916"}],"wp:featuredmedia":[{"embeddable":true,"href":"https:\/\/agora.xtec.cat\/iesdecelra\/wp-json\/wp\/v2\/media\/4912"}],"wp:attachment":[{"href":"https:\/\/agora.xtec.cat\/iesdecelra\/wp-json\/wp\/v2\/media?parent=4909"}],"wp:term":[{"taxonomy":"category","embeddable":true,"href":"https:\/\/agora.xtec.cat\/iesdecelra\/wp-json\/wp\/v2\/categories?post=4909"},{"taxonomy":"post_tag","embeddable":true,"href":"https:\/\/agora.xtec.cat\/iesdecelra\/wp-json\/wp\/v2\/tags?post=4909"}],"curies":[{"name":"wp","href":"https:\/\/api.w.org\/{rel}","templated":true}]}}