{"id":4863,"date":"2021-06-28T19:52:03","date_gmt":"2021-06-28T17:52:03","guid":{"rendered":"http:\/\/agora.xtec.cat\/iesdecelra\/?p=4863"},"modified":"2021-06-28T19:52:49","modified_gmt":"2021-06-28T17:52:49","slug":"anna-pruenca-premiada-per-la-udg-i-la-ub","status":"publish","type":"post","link":"https:\/\/agora.xtec.cat\/iesdecelra\/cursos\/batxillerat\/anna-pruenca-premiada-per-la-udg-i-la-ub\/","title":{"rendered":"ANNA PRUENCA, PREMIADA PER LA UDG I LA UB"},"content":{"rendered":"<p>Dilluns 21 de juny ha tingut lloc l&#8217;acte de lliurament dels premis als Treballs de Recerca a la Facultat de Medicina. L&#8217;alumna Anna Pruenca, estudiant de 2n de batxillerat de l&#8217;institut, ha guanyat el premi al TdR en l&#8217;\u00e0mbit Tecnol\u00f2gic que ha donat el <a href=\"https:\/\/www.udg.edu\/ca\/udg\/detall-noticies\/eventid\/16700\">Consell Social de la UdG<\/a>\u00a0amb el treball <em>Coint\u20acer: L&#8217;\u00fas de la visi\u00f3 artificial pel recompte de monedes. <\/em>El treball, tutoritzat per la professora Yolanda Fort, s&#8217;ha basat en la programaci\u00f3 d&#8217;una app que permet el recompte autom\u00e0tic de monedes amb l&#8217;\u00fas de visi\u00f3 artificial.<\/p>\n<p>Per\u00f2 aquest no \u00e9s l&#8217;\u00fanic premi que ha obtingut l&#8217;Anna. El projecte tamb\u00e9 ha estat finalista als <a href=\"http:\/\/L'ordre dels guanyadors dels premis es coneixer\u00e0 durant acte de lliurament del premi, el proper 5 de juliol a les 9 hores, al paraninf de l'Edifici Hist\u00f2ric de la Universitat de Barcelona\">Premis UB-Santander<\/a> de la Facultat de Matem\u00e0tiques i Inform\u00e0tica de la Universitat de Barcelona. I el pr\u00f2xim\u00a05 de juliol, a l&#8217;Edifici Hist\u00f2ric de la UB es comunicar\u00e0 l&#8217;ordre dels guanyadors i es far\u00e0 el lliurament dels premis.<\/p>\n<p><img loading=\"lazy\" decoding=\"async\" class=\"aligncenter wp-image-5069\" src=\"https:\/\/agora.xtec.cat\/iesdecelra\/wp-content\/uploads\/usu1789\/2021\/06\/Captura-de-pantalla-2021-06-28-a-les-19.49.34.png\" alt=\"\" width=\"699\" height=\"466\" srcset=\"https:\/\/agora.xtec.cat\/iesdecelra\/wp-content\/uploads\/usu1789\/2021\/06\/Captura-de-pantalla-2021-06-28-a-les-19.49.34.png 797w, https:\/\/agora.xtec.cat\/iesdecelra\/wp-content\/uploads\/usu1789\/2021\/06\/Captura-de-pantalla-2021-06-28-a-les-19.49.34-300x200.png 300w, https:\/\/agora.xtec.cat\/iesdecelra\/wp-content\/uploads\/usu1789\/2021\/06\/Captura-de-pantalla-2021-06-28-a-les-19.49.34-768x512.png 768w\" sizes=\"auto, (max-width: 699px) 100vw, 699px\" \/><\/p>\n<p>Felicitem a l&#8217;Anna per la feina feta.<\/p>\n","protected":false},"excerpt":{"rendered":"<p>Dilluns 21 de juny ha tingut lloc l&#8217;acte de lliurament dels premis als Treballs de Recerca a la Facultat de Medicina. L&#8217;alumna Anna Pruenca, estudiant de 2n de batxillerat de l&#8217;institut, ha guanyat el premi al TdR en l&#8217;\u00e0mbit Tecnol\u00f2gic que ha donat el <a&hellip;  <a href=\"https:\/\/agora.xtec.cat\/iesdecelra\/cursos\/batxillerat\/anna-pruenca-premiada-per-la-udg-i-la-ub\/\" title=\"Read ANNA PRUENCA, PREMIADA PER LA UDG I LA UB\">Llegeix m\u00e9s\u00bb<\/a><\/p>\n","protected":false},"author":1,"featured_media":5054,"comment_status":"open","ping_status":"closed","sticky":false,"template":"","format":"standard","meta":{"_bbp_topic_count":0,"_bbp_reply_count":0,"_bbp_total_topic_count":0,"_bbp_total_reply_count":0,"_bbp_voice_count":0,"_bbp_anonymous_reply_count":0,"_bbp_topic_count_hidden":0,"_bbp_reply_count_hidden":0,"_bbp_forum_subforum_count":0,"footnotes":""},"categories":[8,218],"tags":[115,289,116],"class_list":["post-4863","post","type-post","status-publish","format-standard","has-post-thumbnail","hentry","category-batxillerat","category-concursos-i-premis","tag-batxillerat","tag-curs-2020-2021","tag-treball-de-recerca"],"post_mailing_queue_ids":[],"_links":{"self":[{"href":"https:\/\/agora.xtec.cat\/iesdecelra\/wp-json\/wp\/v2\/posts\/4863","targetHints":{"allow":["GET"]}}],"collection":[{"href":"https:\/\/agora.xtec.cat\/iesdecelra\/wp-json\/wp\/v2\/posts"}],"about":[{"href":"https:\/\/agora.xtec.cat\/iesdecelra\/wp-json\/wp\/v2\/types\/post"}],"author":[{"embeddable":true,"href":"https:\/\/agora.xtec.cat\/iesdecelra\/wp-json\/wp\/v2\/users\/1"}],"replies":[{"embeddable":true,"href":"https:\/\/agora.xtec.cat\/iesdecelra\/wp-json\/wp\/v2\/comments?post=4863"}],"version-history":[{"count":3,"href":"https:\/\/agora.xtec.cat\/iesdecelra\/wp-json\/wp\/v2\/posts\/4863\/revisions"}],"predecessor-version":[{"id":5070,"href":"https:\/\/agora.xtec.cat\/iesdecelra\/wp-json\/wp\/v2\/posts\/4863\/revisions\/5070"}],"wp:featuredmedia":[{"embeddable":true,"href":"https:\/\/agora.xtec.cat\/iesdecelra\/wp-json\/wp\/v2\/media\/5054"}],"wp:attachment":[{"href":"https:\/\/agora.xtec.cat\/iesdecelra\/wp-json\/wp\/v2\/media?parent=4863"}],"wp:term":[{"taxonomy":"category","embeddable":true,"href":"https:\/\/agora.xtec.cat\/iesdecelra\/wp-json\/wp\/v2\/categories?post=4863"},{"taxonomy":"post_tag","embeddable":true,"href":"https:\/\/agora.xtec.cat\/iesdecelra\/wp-json\/wp\/v2\/tags?post=4863"}],"curies":[{"name":"wp","href":"https:\/\/api.w.org\/{rel}","templated":true}]}}