{"id":4844,"date":"2021-06-03T08:43:38","date_gmt":"2021-06-03T06:43:38","guid":{"rendered":"http:\/\/agora.xtec.cat\/iesdecelra\/?p=4844"},"modified":"2021-06-03T08:43:38","modified_gmt":"2021-06-03T06:43:38","slug":"anna-figueras-primer-premi-del-joc-de-borsa-2021","status":"publish","type":"post","link":"https:\/\/agora.xtec.cat\/iesdecelra\/cursos\/batxillerat\/anna-figueras-primer-premi-del-joc-de-borsa-2021\/","title":{"rendered":"ANNA FIGUERAS: PRIMER PREMI DEL JOC DE BORSA 2021"},"content":{"rendered":"<p><img loading=\"lazy\" decoding=\"async\" class=\"aligncenter wp-image-4846 \" src=\"https:\/\/agora.xtec.cat\/iesdecelra\/wp-content\/uploads\/usu1789\/2021\/06\/IMG-0433-e1622702475668.png\" alt=\"\" width=\"631\" height=\"374\" srcset=\"https:\/\/agora.xtec.cat\/iesdecelra\/wp-content\/uploads\/usu1789\/2021\/06\/IMG-0433-e1622702475668.png 810w, https:\/\/agora.xtec.cat\/iesdecelra\/wp-content\/uploads\/usu1789\/2021\/06\/IMG-0433-e1622702475668-300x178.png 300w, https:\/\/agora.xtec.cat\/iesdecelra\/wp-content\/uploads\/usu1789\/2021\/06\/IMG-0433-e1622702475668-768x455.png 768w\" sizes=\"auto, (max-width: 631px) 100vw, 631px\" \/><\/p>\n<p><span style=\"font-weight: 400;\">Felicitem a l\u2019Anna com a guanyadora en la <\/span><b>fase comarcal<\/b><span style=\"font-weight: 400;\"> i com a guanyadora en la <\/span><b>fase intercomarcal <\/b><span style=\"font-weight: 400;\">del Joc de Borsa organitzat per l\u2019Institut de Ci\u00e8ncies de l\u2019Educaci\u00f3, la Facultat de Ci\u00e8ncies Econ\u00f2miques i Empresarials i Renta4 adre\u00e7at als alumnes de primer de batxillerat que estan cursant la mat\u00e8ria d\u2019Economia.\u00a0 Aquest any \u00e9s la tercera edici\u00f3 del joc\u00a0 que ha tingut un gran \u00e8xit de participaci\u00f3 a les comarques gironines amb un total de 1.059 alumnes participants de 39 centres educatius.<\/span><\/p>\n<p><span style=\"font-weight: 400;\">L\u2019entrega dels premis s\u2019ha realitzat en el mateix institut el dia 1 de juny,\u00a0 al no poder realitzar-se a la Sala de Graus de la Facultat de Ci\u00e8ncies Econ\u00f2miques de la Universitat de Girona per motius de la Covid.<\/span><\/p>\n<p><span style=\"font-weight: 400;\">Aquest concurs \u00e9s una activitat de car\u00e0cter acad\u00e8mic per tractar el m\u00f3n de la borsa d\u2019una manera acompanyada i sota una perspectiva educativa. L\u2019objectiu no \u00e9s presentar una activitat l\u00fadica que estimuli la competici\u00f3 i guanyar un premi, sin\u00f3 un complement pedag\u00f2gic en el moment d\u2019estudiar a l\u2019aula el finan\u00e7ament de les empreses.<\/span><\/p>\n<p><img loading=\"lazy\" decoding=\"async\" class=\"aligncenter  wp-image-4847\" src=\"https:\/\/agora.xtec.cat\/iesdecelra\/wp-content\/uploads\/usu1789\/2021\/06\/IMG-0432-e1622702540456.png\" alt=\"\" width=\"642\" height=\"474\" srcset=\"https:\/\/agora.xtec.cat\/iesdecelra\/wp-content\/uploads\/usu1789\/2021\/06\/IMG-0432-e1622702540456.png 796w, https:\/\/agora.xtec.cat\/iesdecelra\/wp-content\/uploads\/usu1789\/2021\/06\/IMG-0432-e1622702540456-300x222.png 300w, https:\/\/agora.xtec.cat\/iesdecelra\/wp-content\/uploads\/usu1789\/2021\/06\/IMG-0432-e1622702540456-768x567.png 768w\" sizes=\"auto, (max-width: 642px) 100vw, 642px\" \/><\/p>\n","protected":false},"excerpt":{"rendered":"<p>Felicitem a l\u2019Anna com a guanyadora en la fase comarcal i com a guanyadora en la fase intercomarcal del Joc de Borsa organitzat per l\u2019Institut de Ci\u00e8ncies de l\u2019Educaci\u00f3, la Facultat de Ci\u00e8ncies Econ\u00f2miques i Empresarials i Renta4 adre\u00e7at als alumnes de primer de batxillerat&hellip;  <a href=\"https:\/\/agora.xtec.cat\/iesdecelra\/cursos\/batxillerat\/anna-figueras-primer-premi-del-joc-de-borsa-2021\/\" title=\"Read ANNA FIGUERAS: PRIMER PREMI DEL JOC DE BORSA 2021\">Llegeix m\u00e9s\u00bb<\/a><\/p>\n","protected":false},"author":1,"featured_media":4847,"comment_status":"open","ping_status":"closed","sticky":false,"template":"","format":"standard","meta":{"_bbp_topic_count":0,"_bbp_reply_count":0,"_bbp_total_topic_count":0,"_bbp_total_reply_count":0,"_bbp_voice_count":0,"_bbp_anonymous_reply_count":0,"_bbp_topic_count_hidden":0,"_bbp_reply_count_hidden":0,"_bbp_forum_subforum_count":0,"footnotes":""},"categories":[103,8,218],"tags":[115,289,161],"class_list":["post-4844","post","type-post","status-publish","format-standard","has-post-thumbnail","hentry","category-actualitat","category-batxillerat","category-concursos-i-premis","tag-batxillerat","tag-curs-2020-2021","tag-economia"],"post_mailing_queue_ids":[],"_links":{"self":[{"href":"https:\/\/agora.xtec.cat\/iesdecelra\/wp-json\/wp\/v2\/posts\/4844","targetHints":{"allow":["GET"]}}],"collection":[{"href":"https:\/\/agora.xtec.cat\/iesdecelra\/wp-json\/wp\/v2\/posts"}],"about":[{"href":"https:\/\/agora.xtec.cat\/iesdecelra\/wp-json\/wp\/v2\/types\/post"}],"author":[{"embeddable":true,"href":"https:\/\/agora.xtec.cat\/iesdecelra\/wp-json\/wp\/v2\/users\/1"}],"replies":[{"embeddable":true,"href":"https:\/\/agora.xtec.cat\/iesdecelra\/wp-json\/wp\/v2\/comments?post=4844"}],"version-history":[{"count":2,"href":"https:\/\/agora.xtec.cat\/iesdecelra\/wp-json\/wp\/v2\/posts\/4844\/revisions"}],"predecessor-version":[{"id":4848,"href":"https:\/\/agora.xtec.cat\/iesdecelra\/wp-json\/wp\/v2\/posts\/4844\/revisions\/4848"}],"wp:featuredmedia":[{"embeddable":true,"href":"https:\/\/agora.xtec.cat\/iesdecelra\/wp-json\/wp\/v2\/media\/4847"}],"wp:attachment":[{"href":"https:\/\/agora.xtec.cat\/iesdecelra\/wp-json\/wp\/v2\/media?parent=4844"}],"wp:term":[{"taxonomy":"category","embeddable":true,"href":"https:\/\/agora.xtec.cat\/iesdecelra\/wp-json\/wp\/v2\/categories?post=4844"},{"taxonomy":"post_tag","embeddable":true,"href":"https:\/\/agora.xtec.cat\/iesdecelra\/wp-json\/wp\/v2\/tags?post=4844"}],"curies":[{"name":"wp","href":"https:\/\/api.w.org\/{rel}","templated":true}]}}