{"id":4826,"date":"2021-05-31T09:43:39","date_gmt":"2021-05-31T07:43:39","guid":{"rendered":"http:\/\/agora.xtec.cat\/iesdecelra\/?p=4826"},"modified":"2021-05-31T09:43:39","modified_gmt":"2021-05-31T07:43:39","slug":"end-of-year-projects","status":"publish","type":"post","link":"https:\/\/agora.xtec.cat\/iesdecelra\/cursos\/eso\/eso-4\/end-of-year-projects\/","title":{"rendered":"END-OF-YEAR PROJECTS"},"content":{"rendered":"<p><img loading=\"lazy\" decoding=\"async\" class=\"aligncenter wp-image-4830 size-full\" src=\"https:\/\/agora.xtec.cat\/iesdecelra\/wp-content\/uploads\/usu1789\/2021\/05\/IMG20210519102323-e1622446892119.jpg\" alt=\"\" width=\"2312\" height=\"1196\" srcset=\"https:\/\/agora.xtec.cat\/iesdecelra\/wp-content\/uploads\/usu1789\/2021\/05\/IMG20210519102323-e1622446892119.jpg 2312w, https:\/\/agora.xtec.cat\/iesdecelra\/wp-content\/uploads\/usu1789\/2021\/05\/IMG20210519102323-e1622446892119-300x155.jpg 300w, https:\/\/agora.xtec.cat\/iesdecelra\/wp-content\/uploads\/usu1789\/2021\/05\/IMG20210519102323-e1622446892119-768x397.jpg 768w, https:\/\/agora.xtec.cat\/iesdecelra\/wp-content\/uploads\/usu1789\/2021\/05\/IMG20210519102323-e1622446892119-1024x530.jpg 1024w\" sizes=\"auto, (max-width: 2312px) 100vw, 2312px\" \/><\/p>\n<p><span style=\"font-weight: 400;\">Durant les \u00faltimes setmanes els i les alumnes de l&#8217;optativa d\u2019ampliaci\u00f3 d&#8217;angl\u00e8s de 4t d\u2019ESO hem estat duent a terme un treball de final de curs. La tem\u00e0tica era lliure aix\u00ed que cada grup ha tractat un tema diferent. En total hi ha 6 projectes els quals exposen els seg\u00fcents temes: Covid-19 in sports, The 6 continents, Black lives matter, Horoscopes, Big Bang Theory and Ramadan. El temes van ser escollits per cada grup amb la intenci\u00f3 d\u2019investigar sobre aspectes variats que ens interessen. Els treballs els podeu trobar exposats en forma de mural a la paret del passad\u00eds de Batxillerat davant de l\u2019aula polivalent.\u00a0<\/span><\/p>\n<p><span style=\"font-weight: 400;\">Esperem que us agradin!\u00a0<\/span><\/p>\n<table>\n<tbody>\n<tr>\n<td><img loading=\"lazy\" decoding=\"async\" class=\"aligncenter size-full wp-image-4828\" src=\"https:\/\/agora.xtec.cat\/iesdecelra\/wp-content\/uploads\/usu1789\/2021\/05\/IMG20210526094355.jpg\" alt=\"\" width=\"2312\" height=\"1734\" srcset=\"https:\/\/agora.xtec.cat\/iesdecelra\/wp-content\/uploads\/usu1789\/2021\/05\/IMG20210526094355.jpg 2312w, https:\/\/agora.xtec.cat\/iesdecelra\/wp-content\/uploads\/usu1789\/2021\/05\/IMG20210526094355-300x225.jpg 300w, https:\/\/agora.xtec.cat\/iesdecelra\/wp-content\/uploads\/usu1789\/2021\/05\/IMG20210526094355-768x576.jpg 768w, https:\/\/agora.xtec.cat\/iesdecelra\/wp-content\/uploads\/usu1789\/2021\/05\/IMG20210526094355-1024x768.jpg 1024w, https:\/\/agora.xtec.cat\/iesdecelra\/wp-content\/uploads\/usu1789\/2021\/05\/IMG20210526094355-200x150.jpg 200w\" sizes=\"auto, (max-width: 2312px) 100vw, 2312px\" \/><\/td>\n<td><img loading=\"lazy\" decoding=\"async\" class=\"aligncenter size-full wp-image-4829\" src=\"https:\/\/agora.xtec.cat\/iesdecelra\/wp-content\/uploads\/usu1789\/2021\/05\/IMG_20210526_094845.jpg\" alt=\"\" width=\"1536\" height=\"2048\" srcset=\"https:\/\/agora.xtec.cat\/iesdecelra\/wp-content\/uploads\/usu1789\/2021\/05\/IMG_20210526_094845.jpg 1536w, https:\/\/agora.xtec.cat\/iesdecelra\/wp-content\/uploads\/usu1789\/2021\/05\/IMG_20210526_094845-225x300.jpg 225w, https:\/\/agora.xtec.cat\/iesdecelra\/wp-content\/uploads\/usu1789\/2021\/05\/IMG_20210526_094845-768x1024.jpg 768w\" sizes=\"auto, (max-width: 1536px) 100vw, 1536px\" \/><\/td>\n<\/tr>\n<\/tbody>\n<\/table>\n<p style=\"text-align: right;\"><span style=\"font-weight: 400; font-size: 10pt;\">Alumnes d\u2019ampliaci\u00f3 d\u2019angl\u00e8s de 4t d\u2019ESO.<\/span><\/p>\n","protected":false},"excerpt":{"rendered":"<p>Durant les \u00faltimes setmanes els i les alumnes de l&#8217;optativa d\u2019ampliaci\u00f3 d&#8217;angl\u00e8s de 4t d\u2019ESO hem estat duent a terme un treball de final de curs. La tem\u00e0tica era lliure aix\u00ed que cada grup ha tractat un tema diferent. En total hi ha 6 projectes&hellip;  <a href=\"https:\/\/agora.xtec.cat\/iesdecelra\/cursos\/eso\/eso-4\/end-of-year-projects\/\" title=\"Read END-OF-YEAR PROJECTS\">Llegeix m\u00e9s\u00bb<\/a><\/p>\n","protected":false},"author":1,"featured_media":4830,"comment_status":"open","ping_status":"closed","sticky":false,"template":"","format":"standard","meta":{"_bbp_topic_count":0,"_bbp_reply_count":0,"_bbp_total_topic_count":0,"_bbp_total_reply_count":0,"_bbp_voice_count":0,"_bbp_anonymous_reply_count":0,"_bbp_topic_count_hidden":0,"_bbp_reply_count_hidden":0,"_bbp_forum_subforum_count":0,"footnotes":""},"categories":[103,7],"tags":[289,160],"class_list":["post-4826","post","type-post","status-publish","format-standard","has-post-thumbnail","hentry","category-actualitat","category-eso-4","tag-curs-2020-2021","tag-departament-llengues-estrangeres"],"post_mailing_queue_ids":[],"_links":{"self":[{"href":"https:\/\/agora.xtec.cat\/iesdecelra\/wp-json\/wp\/v2\/posts\/4826","targetHints":{"allow":["GET"]}}],"collection":[{"href":"https:\/\/agora.xtec.cat\/iesdecelra\/wp-json\/wp\/v2\/posts"}],"about":[{"href":"https:\/\/agora.xtec.cat\/iesdecelra\/wp-json\/wp\/v2\/types\/post"}],"author":[{"embeddable":true,"href":"https:\/\/agora.xtec.cat\/iesdecelra\/wp-json\/wp\/v2\/users\/1"}],"replies":[{"embeddable":true,"href":"https:\/\/agora.xtec.cat\/iesdecelra\/wp-json\/wp\/v2\/comments?post=4826"}],"version-history":[{"count":2,"href":"https:\/\/agora.xtec.cat\/iesdecelra\/wp-json\/wp\/v2\/posts\/4826\/revisions"}],"predecessor-version":[{"id":4831,"href":"https:\/\/agora.xtec.cat\/iesdecelra\/wp-json\/wp\/v2\/posts\/4826\/revisions\/4831"}],"wp:featuredmedia":[{"embeddable":true,"href":"https:\/\/agora.xtec.cat\/iesdecelra\/wp-json\/wp\/v2\/media\/4830"}],"wp:attachment":[{"href":"https:\/\/agora.xtec.cat\/iesdecelra\/wp-json\/wp\/v2\/media?parent=4826"}],"wp:term":[{"taxonomy":"category","embeddable":true,"href":"https:\/\/agora.xtec.cat\/iesdecelra\/wp-json\/wp\/v2\/categories?post=4826"},{"taxonomy":"post_tag","embeddable":true,"href":"https:\/\/agora.xtec.cat\/iesdecelra\/wp-json\/wp\/v2\/tags?post=4826"}],"curies":[{"name":"wp","href":"https:\/\/api.w.org\/{rel}","templated":true}]}}