{"id":4743,"date":"2021-05-11T22:00:19","date_gmt":"2021-05-11T20:00:19","guid":{"rendered":"http:\/\/agora.xtec.cat\/iesdecelra\/?p=4743"},"modified":"2023-02-24T12:21:51","modified_gmt":"2023-02-24T11:21:51","slug":"els-pescadors-de-plastic-de-linstitut-de-celra","status":"publish","type":"post","link":"https:\/\/agora.xtec.cat\/iesdecelra\/cursos\/eso\/eso-2\/els-pescadors-de-plastic-de-linstitut-de-celra\/","title":{"rendered":"ELS PESCADORS DE PL\u00c0STIC DE L&#8217;INSTITUT DE CELR\u00c0"},"content":{"rendered":"<p>L&#8217;alumnat de 2n d&#8217;ESO de l&#8217;Institut de Celr\u00e0 hem format part del projecte de ci\u00e8ncia ciutadana: <i>Pescadors de pl\u00e0stic\u00a0<\/i>proposat per la Universitat de Vic.<\/p>\n<p><b>Per qu\u00e8 un projecte sobre pl\u00e0stics?<\/b><\/p>\n<p><span style=\"font-weight: 400;\">Primer els alumnes hem ent\u00e8s la import\u00e0ncia de mesurar l&#8217;\u00edndex de pl\u00e0stics dels rius i de les riberes perqu\u00e8 s\u00f3n el principal focus de contaminaci\u00f3 dels mars i oceans. Com deveu saber estem a l&#8217;era del pl\u00e0stic, si us fixeu en les vostres deixalles els residus que m\u00e9s utilitzem s\u00f3n pl\u00e0stics dels quals nom\u00e9s un 9% es reciclen, la resta, el 91% es converteixen en residus que costen molt de degradar, per tant pel medi ambient s\u00f3n un greu problema.<\/span><\/p>\n<p><b>I qu\u00e8 hem fet en aquest projecte?<\/b><\/p>\n<p><span style=\"font-weight: 400;\">Nosaltres hem escollit quatre trams de riu de 20 metres, tots a la zona de l&#8217;Illa dels Salzes. Ens hem organitzat en grups de treball, hem marcat l&#8217;\u00e0rea de mostreig i ens hem repartit les feines: recollir i classificar residus, pesar-los i separar pl\u00e0stics d&#8217;un sol \u00fas dels pl\u00e0stics, filtrar aigua del riu per detectar la pres\u00e8ncia de micropl\u00e0stics, mesurar la velocitat del corrent i fer el reportatge del mostreig. Posteriorment hem posat en com\u00fa els resultats dels diferents grups, hem pensat en les possibles causes i les solucions i hem fet un p\u00f2ster per divulgar-ho i un article cient\u00edfic.<\/span><\/p>\n<p><b>Qu\u00e8 vol dir que \u00e9s un projecte de ci\u00e8ncia ciutadana?<\/b><\/p>\n<p><span style=\"font-weight: 400;\">Es refereix a que hem mesurat les dades com ho fan els cient\u00edfics: marcant una \u00e0rea de mostreig, duent a terme la recollida tot serpentejant&#8230; i hem fet els c\u00e0lculs que els serveixen pels seus estudis. D&#8217;aquesta manera facilitem moltes dades de diferents punts del riu, uns mateixos dies, als cient\u00edfics de la UdVic que estan estudiant la pres\u00e8ncia de macropl\u00e0stics i micropl\u00e0stics als rius.<\/span><\/p>\n<p><span style=\"font-weight: 400;\">Aqu\u00ed us passem algun v\u00eddeo perqu\u00e8 sapigueu una mica m\u00e9s qu\u00e8 hem fet i tamb\u00e9 l&#8217;enlla\u00e7 a la web del projecte: <\/span><i><span style=\"font-weight: 400;\">\u00a0<\/span><\/i><a href=\"https:\/\/mon.uvic.cat\/pescadors-de-plastic\/\"><span style=\"font-weight: 400;\">https:\/\/mon.uvic.cat\/pescadors-de-plastic\/<\/span><\/a><\/p>\n<p><span style=\"font-weight: 400;\">Esperem tots plegats conscienciar-nos de la import\u00e0ncia de reduir, reciclar, reutilitzar, reparar i refusar!!<\/span><\/p>\n<table style=\"width: 816px;\">\n<tbody>\n<tr>\n<td style=\"width: 816px;\"><iframe loading=\"lazy\" src=\"https:\/\/www.youtube.com\/embed\/739fDJkgRQo\" width=\"790\" height=\"444\" frameborder=\"0\"><\/iframe><\/td>\n<\/tr>\n<tr>\n<td style=\"width: 816px;\"><iframe loading=\"lazy\" src=\"https:\/\/www.youtube.com\/embed\/hq_wL0xpR6A\" width=\"790\" height=\"444\" frameborder=\"0\"><\/iframe><\/td>\n<\/tr>\n<tr>\n<td style=\"width: 816px;\"><iframe loading=\"lazy\" src=\"https:\/\/www.youtube.com\/embed\/QtzdU5tsAVc\" width=\"790\" height=\"444\" frameborder=\"0\"><\/iframe><\/td>\n<\/tr>\n<\/tbody>\n<\/table>\n","protected":false},"excerpt":{"rendered":"<p>L&#8217;alumnat de 2n d&#8217;ESO de l&#8217;Institut de Celr\u00e0 hem format part del projecte de ci\u00e8ncia ciutadana: Pescadors de pl\u00e0stic\u00a0proposat per la Universitat de Vic.<br \/>\nPer qu\u00e8 un projecte sobre pl\u00e0stics?<br \/>\nPrimer els alumnes hem ent\u00e8s la import\u00e0ncia de mesurar l&#8217;\u00edndex de pl\u00e0stics dels rius i de les&hellip;  <a href=\"https:\/\/agora.xtec.cat\/iesdecelra\/cursos\/eso\/eso-2\/els-pescadors-de-plastic-de-linstitut-de-celra\/\" title=\"Read ELS PESCADORS DE PL\u00c0STIC DE L&#8217;INSTITUT DE CELR\u00c0\">Llegeix m\u00e9s\u00bb<\/a><\/p>\n","protected":false},"author":1,"featured_media":4752,"comment_status":"open","ping_status":"closed","sticky":false,"template":"","format":"standard","meta":{"_bbp_topic_count":0,"_bbp_reply_count":0,"_bbp_total_topic_count":0,"_bbp_total_reply_count":0,"_bbp_voice_count":0,"_bbp_anonymous_reply_count":0,"_bbp_topic_count_hidden":0,"_bbp_reply_count_hidden":0,"_bbp_forum_subforum_count":0,"footnotes":""},"categories":[103,345,5,299],"tags":[133,249,295],"class_list":["post-4743","post","type-post","status-publish","format-standard","has-post-thumbnail","hentry","category-actualitat","category-escola-verda","category-eso-2","category-insteam","tag-2n-deso","tag-departament-dexperimentals","tag-stem"],"post_mailing_queue_ids":[],"_links":{"self":[{"href":"https:\/\/agora.xtec.cat\/iesdecelra\/wp-json\/wp\/v2\/posts\/4743","targetHints":{"allow":["GET"]}}],"collection":[{"href":"https:\/\/agora.xtec.cat\/iesdecelra\/wp-json\/wp\/v2\/posts"}],"about":[{"href":"https:\/\/agora.xtec.cat\/iesdecelra\/wp-json\/wp\/v2\/types\/post"}],"author":[{"embeddable":true,"href":"https:\/\/agora.xtec.cat\/iesdecelra\/wp-json\/wp\/v2\/users\/1"}],"replies":[{"embeddable":true,"href":"https:\/\/agora.xtec.cat\/iesdecelra\/wp-json\/wp\/v2\/comments?post=4743"}],"version-history":[{"count":3,"href":"https:\/\/agora.xtec.cat\/iesdecelra\/wp-json\/wp\/v2\/posts\/4743\/revisions"}],"predecessor-version":[{"id":4753,"href":"https:\/\/agora.xtec.cat\/iesdecelra\/wp-json\/wp\/v2\/posts\/4743\/revisions\/4753"}],"wp:featuredmedia":[{"embeddable":true,"href":"https:\/\/agora.xtec.cat\/iesdecelra\/wp-json\/wp\/v2\/media\/4752"}],"wp:attachment":[{"href":"https:\/\/agora.xtec.cat\/iesdecelra\/wp-json\/wp\/v2\/media?parent=4743"}],"wp:term":[{"taxonomy":"category","embeddable":true,"href":"https:\/\/agora.xtec.cat\/iesdecelra\/wp-json\/wp\/v2\/categories?post=4743"},{"taxonomy":"post_tag","embeddable":true,"href":"https:\/\/agora.xtec.cat\/iesdecelra\/wp-json\/wp\/v2\/tags?post=4743"}],"curies":[{"name":"wp","href":"https:\/\/api.w.org\/{rel}","templated":true}]}}