{"id":4692,"date":"2021-05-06T08:44:16","date_gmt":"2021-05-06T06:44:16","guid":{"rendered":"http:\/\/agora.xtec.cat\/iesdecelra\/?p=4692"},"modified":"2021-05-10T18:38:35","modified_gmt":"2021-05-10T16:38:35","slug":"europeday2021-a-linstitut-de-celra","status":"publish","type":"post","link":"https:\/\/agora.xtec.cat\/iesdecelra\/cursos\/eso\/eso-3\/europeday2021-a-linstitut-de-celra\/","title":{"rendered":"#EuropeDay2021 A L&#8217;INSTITUT DE CELR\u00c0"},"content":{"rendered":"<p><img loading=\"lazy\" decoding=\"async\" class=\"aligncenter wp-image-4693\" src=\"https:\/\/agora.xtec.cat\/iesdecelra\/wp-content\/uploads\/usu1789\/2021\/05\/Himne-ESSE-Erasmus-interpretat-alumnes-INS-Celr\u00e0.jpg\" alt=\"\" width=\"751\" height=\"360\" srcset=\"https:\/\/agora.xtec.cat\/iesdecelra\/wp-content\/uploads\/usu1789\/2021\/05\/Himne-ESSE-Erasmus-interpretat-alumnes-INS-Celr\u00e0.jpg 1406w, https:\/\/agora.xtec.cat\/iesdecelra\/wp-content\/uploads\/usu1789\/2021\/05\/Himne-ESSE-Erasmus-interpretat-alumnes-INS-Celr\u00e0-300x144.jpg 300w, https:\/\/agora.xtec.cat\/iesdecelra\/wp-content\/uploads\/usu1789\/2021\/05\/Himne-ESSE-Erasmus-interpretat-alumnes-INS-Celr\u00e0-768x368.jpg 768w, https:\/\/agora.xtec.cat\/iesdecelra\/wp-content\/uploads\/usu1789\/2021\/05\/Himne-ESSE-Erasmus-interpretat-alumnes-INS-Celr\u00e0-1024x491.jpg 1024w\" sizes=\"auto, (max-width: 751px) 100vw, 751px\" \/><\/p>\n<p><span style=\"font-weight: 400;\">En motiu del dia d\u2019Europa, el proper diumenge 9 de maig, i aprofitant que l\u2019Institut de Celr\u00e0 compta amb dos projectes Erasmus+, un grup d\u2019alumnes de 1r i 2n de Batxillerat han tocat i cantat l\u2019himne del projecte ESSE (Evaluating School Social Engagement) creat de manera online amb alumnes Erasmus de B\u00e8lgica i d\u2019It\u00e0lia.\u00a0<\/span><\/p>\n<p><span style=\"font-weight: 400;\">La melodia, interpretada per Iona L\u00f3pez (veu i guitarra), H\u00e9ctor Gonz\u00e1lez (piano), Maiol Colom (guitarra) i Candela Serena (flauta travessera) sonar\u00e0 aquest divendres a l\u2019entrada i sortida de l\u2019institut i durant els canvis de classe. Podeu veure la lletra de la can\u00e7\u00f3 <a href=\"https:\/\/drive.google.com\/file\/d\/11G7O71tJbH3WBJvbHFuSSy-PAKDSwTzk\/view?usp=sharing\">aqu\u00ed<\/a>.\u00a0<\/span><\/p>\n<p><span style=\"font-weight: 400;\">Paral\u00b7lelament, els alumnes de 3rC de l\u2019optativa de Projectes Europeus han preparat uns murals per difondre qu\u00e8 \u00e9s la UE, avantatges de la UE per joves, els pa\u00efsos membres, institucions i dates clau de la constituci\u00f3 de la UE i els reptes de futur. Els murals s\u2019han penjat al hall de l\u2019institut.<\/span><\/p>\n<table>\n<tbody>\n<tr>\n<td><img loading=\"lazy\" decoding=\"async\" class=\"aligncenter size-full wp-image-4702\" src=\"https:\/\/agora.xtec.cat\/iesdecelra\/wp-content\/uploads\/usu1789\/2021\/05\/C\u00f2pia-de-3rC-projectes-europeus-7.jpg\" alt=\"\" width=\"2832\" height=\"2124\" srcset=\"https:\/\/agora.xtec.cat\/iesdecelra\/wp-content\/uploads\/usu1789\/2021\/05\/C\u00f2pia-de-3rC-projectes-europeus-7.jpg 2832w, https:\/\/agora.xtec.cat\/iesdecelra\/wp-content\/uploads\/usu1789\/2021\/05\/C\u00f2pia-de-3rC-projectes-europeus-7-300x225.jpg 300w, https:\/\/agora.xtec.cat\/iesdecelra\/wp-content\/uploads\/usu1789\/2021\/05\/C\u00f2pia-de-3rC-projectes-europeus-7-768x576.jpg 768w, https:\/\/agora.xtec.cat\/iesdecelra\/wp-content\/uploads\/usu1789\/2021\/05\/C\u00f2pia-de-3rC-projectes-europeus-7-1024x768.jpg 1024w, https:\/\/agora.xtec.cat\/iesdecelra\/wp-content\/uploads\/usu1789\/2021\/05\/C\u00f2pia-de-3rC-projectes-europeus-7-200x150.jpg 200w\" sizes=\"auto, (max-width: 2832px) 100vw, 2832px\" \/><\/td>\n<td><img loading=\"lazy\" decoding=\"async\" class=\"aligncenter size-full wp-image-4703\" src=\"https:\/\/agora.xtec.cat\/iesdecelra\/wp-content\/uploads\/usu1789\/2021\/05\/C\u00f2pia-de-3rC-projectes-europeus-8.jpg\" alt=\"\" width=\"2832\" height=\"2124\" srcset=\"https:\/\/agora.xtec.cat\/iesdecelra\/wp-content\/uploads\/usu1789\/2021\/05\/C\u00f2pia-de-3rC-projectes-europeus-8.jpg 2832w, https:\/\/agora.xtec.cat\/iesdecelra\/wp-content\/uploads\/usu1789\/2021\/05\/C\u00f2pia-de-3rC-projectes-europeus-8-300x225.jpg 300w, https:\/\/agora.xtec.cat\/iesdecelra\/wp-content\/uploads\/usu1789\/2021\/05\/C\u00f2pia-de-3rC-projectes-europeus-8-768x576.jpg 768w, https:\/\/agora.xtec.cat\/iesdecelra\/wp-content\/uploads\/usu1789\/2021\/05\/C\u00f2pia-de-3rC-projectes-europeus-8-1024x768.jpg 1024w, https:\/\/agora.xtec.cat\/iesdecelra\/wp-content\/uploads\/usu1789\/2021\/05\/C\u00f2pia-de-3rC-projectes-europeus-8-200x150.jpg 200w\" sizes=\"auto, (max-width: 2832px) 100vw, 2832px\" \/><\/td>\n<td><img loading=\"lazy\" decoding=\"async\" class=\"aligncenter size-full wp-image-4701\" src=\"https:\/\/agora.xtec.cat\/iesdecelra\/wp-content\/uploads\/usu1789\/2021\/05\/C\u00f2pia-de-3rC-projectes-europeus-6.jpg\" alt=\"\" width=\"2832\" height=\"2124\" srcset=\"https:\/\/agora.xtec.cat\/iesdecelra\/wp-content\/uploads\/usu1789\/2021\/05\/C\u00f2pia-de-3rC-projectes-europeus-6.jpg 2832w, https:\/\/agora.xtec.cat\/iesdecelra\/wp-content\/uploads\/usu1789\/2021\/05\/C\u00f2pia-de-3rC-projectes-europeus-6-300x225.jpg 300w, https:\/\/agora.xtec.cat\/iesdecelra\/wp-content\/uploads\/usu1789\/2021\/05\/C\u00f2pia-de-3rC-projectes-europeus-6-768x576.jpg 768w, https:\/\/agora.xtec.cat\/iesdecelra\/wp-content\/uploads\/usu1789\/2021\/05\/C\u00f2pia-de-3rC-projectes-europeus-6-1024x768.jpg 1024w, https:\/\/agora.xtec.cat\/iesdecelra\/wp-content\/uploads\/usu1789\/2021\/05\/C\u00f2pia-de-3rC-projectes-europeus-6-200x150.jpg 200w\" sizes=\"auto, (max-width: 2832px) 100vw, 2832px\" \/><\/td>\n<\/tr>\n<tr>\n<td><img loading=\"lazy\" decoding=\"async\" class=\"aligncenter size-full wp-image-4699\" src=\"https:\/\/agora.xtec.cat\/iesdecelra\/wp-content\/uploads\/usu1789\/2021\/05\/C\u00f2pia-de-3rC-projectes-europeus-4.jpg\" alt=\"\" width=\"2832\" height=\"2124\" srcset=\"https:\/\/agora.xtec.cat\/iesdecelra\/wp-content\/uploads\/usu1789\/2021\/05\/C\u00f2pia-de-3rC-projectes-europeus-4.jpg 2832w, https:\/\/agora.xtec.cat\/iesdecelra\/wp-content\/uploads\/usu1789\/2021\/05\/C\u00f2pia-de-3rC-projectes-europeus-4-300x225.jpg 300w, https:\/\/agora.xtec.cat\/iesdecelra\/wp-content\/uploads\/usu1789\/2021\/05\/C\u00f2pia-de-3rC-projectes-europeus-4-768x576.jpg 768w, https:\/\/agora.xtec.cat\/iesdecelra\/wp-content\/uploads\/usu1789\/2021\/05\/C\u00f2pia-de-3rC-projectes-europeus-4-1024x768.jpg 1024w, https:\/\/agora.xtec.cat\/iesdecelra\/wp-content\/uploads\/usu1789\/2021\/05\/C\u00f2pia-de-3rC-projectes-europeus-4-200x150.jpg 200w\" sizes=\"auto, (max-width: 2832px) 100vw, 2832px\" \/><\/td>\n<td><img loading=\"lazy\" decoding=\"async\" class=\"aligncenter size-full wp-image-4695\" src=\"https:\/\/agora.xtec.cat\/iesdecelra\/wp-content\/uploads\/usu1789\/2021\/05\/C\u00f2pia-de-3rC-projectes-europeus-9.jpg\" alt=\"\" width=\"2048\" height=\"1536\" srcset=\"https:\/\/agora.xtec.cat\/iesdecelra\/wp-content\/uploads\/usu1789\/2021\/05\/C\u00f2pia-de-3rC-projectes-europeus-9.jpg 2048w, https:\/\/agora.xtec.cat\/iesdecelra\/wp-content\/uploads\/usu1789\/2021\/05\/C\u00f2pia-de-3rC-projectes-europeus-9-300x225.jpg 300w, https:\/\/agora.xtec.cat\/iesdecelra\/wp-content\/uploads\/usu1789\/2021\/05\/C\u00f2pia-de-3rC-projectes-europeus-9-768x576.jpg 768w, https:\/\/agora.xtec.cat\/iesdecelra\/wp-content\/uploads\/usu1789\/2021\/05\/C\u00f2pia-de-3rC-projectes-europeus-9-1024x768.jpg 1024w, https:\/\/agora.xtec.cat\/iesdecelra\/wp-content\/uploads\/usu1789\/2021\/05\/C\u00f2pia-de-3rC-projectes-europeus-9-200x150.jpg 200w\" sizes=\"auto, (max-width: 2048px) 100vw, 2048px\" \/><\/td>\n<td><img loading=\"lazy\" decoding=\"async\" class=\"aligncenter wp-image-4696 size-full\" src=\"https:\/\/agora.xtec.cat\/iesdecelra\/wp-content\/uploads\/usu1789\/2021\/05\/C\u00f2pia-de-3rC-projectes-europeus-1-e1620283140221.jpg\" alt=\"\" width=\"2832\" height=\"2124\" srcset=\"https:\/\/agora.xtec.cat\/iesdecelra\/wp-content\/uploads\/usu1789\/2021\/05\/C\u00f2pia-de-3rC-projectes-europeus-1-e1620283140221.jpg 2832w, https:\/\/agora.xtec.cat\/iesdecelra\/wp-content\/uploads\/usu1789\/2021\/05\/C\u00f2pia-de-3rC-projectes-europeus-1-e1620283140221-300x225.jpg 300w, https:\/\/agora.xtec.cat\/iesdecelra\/wp-content\/uploads\/usu1789\/2021\/05\/C\u00f2pia-de-3rC-projectes-europeus-1-e1620283140221-768x576.jpg 768w, https:\/\/agora.xtec.cat\/iesdecelra\/wp-content\/uploads\/usu1789\/2021\/05\/C\u00f2pia-de-3rC-projectes-europeus-1-e1620283140221-1024x768.jpg 1024w, https:\/\/agora.xtec.cat\/iesdecelra\/wp-content\/uploads\/usu1789\/2021\/05\/C\u00f2pia-de-3rC-projectes-europeus-1-e1620283140221-200x150.jpg 200w\" sizes=\"auto, (max-width: 2832px) 100vw, 2832px\" \/><\/td>\n<\/tr>\n<tr>\n<td><img loading=\"lazy\" decoding=\"async\" class=\"aligncenter size-full wp-image-4700\" src=\"https:\/\/agora.xtec.cat\/iesdecelra\/wp-content\/uploads\/usu1789\/2021\/05\/C\u00f2pia-de-3rC-projectes-europeus-5.jpg\" alt=\"\" width=\"2832\" height=\"2124\" srcset=\"https:\/\/agora.xtec.cat\/iesdecelra\/wp-content\/uploads\/usu1789\/2021\/05\/C\u00f2pia-de-3rC-projectes-europeus-5.jpg 2832w, https:\/\/agora.xtec.cat\/iesdecelra\/wp-content\/uploads\/usu1789\/2021\/05\/C\u00f2pia-de-3rC-projectes-europeus-5-300x225.jpg 300w, https:\/\/agora.xtec.cat\/iesdecelra\/wp-content\/uploads\/usu1789\/2021\/05\/C\u00f2pia-de-3rC-projectes-europeus-5-768x576.jpg 768w, https:\/\/agora.xtec.cat\/iesdecelra\/wp-content\/uploads\/usu1789\/2021\/05\/C\u00f2pia-de-3rC-projectes-europeus-5-1024x768.jpg 1024w, https:\/\/agora.xtec.cat\/iesdecelra\/wp-content\/uploads\/usu1789\/2021\/05\/C\u00f2pia-de-3rC-projectes-europeus-5-200x150.jpg 200w\" sizes=\"auto, (max-width: 2832px) 100vw, 2832px\" \/><\/td>\n<td><img loading=\"lazy\" decoding=\"async\" class=\"aligncenter wp-image-4698 size-full\" src=\"https:\/\/agora.xtec.cat\/iesdecelra\/wp-content\/uploads\/usu1789\/2021\/05\/C\u00f2pia-de-3rC-projectes-europeus-3-e1620283039937.jpg\" alt=\"\" width=\"2832\" height=\"2124\" srcset=\"https:\/\/agora.xtec.cat\/iesdecelra\/wp-content\/uploads\/usu1789\/2021\/05\/C\u00f2pia-de-3rC-projectes-europeus-3-e1620283039937.jpg 2832w, https:\/\/agora.xtec.cat\/iesdecelra\/wp-content\/uploads\/usu1789\/2021\/05\/C\u00f2pia-de-3rC-projectes-europeus-3-e1620283039937-300x225.jpg 300w, https:\/\/agora.xtec.cat\/iesdecelra\/wp-content\/uploads\/usu1789\/2021\/05\/C\u00f2pia-de-3rC-projectes-europeus-3-e1620283039937-768x576.jpg 768w, https:\/\/agora.xtec.cat\/iesdecelra\/wp-content\/uploads\/usu1789\/2021\/05\/C\u00f2pia-de-3rC-projectes-europeus-3-e1620283039937-1024x768.jpg 1024w, https:\/\/agora.xtec.cat\/iesdecelra\/wp-content\/uploads\/usu1789\/2021\/05\/C\u00f2pia-de-3rC-projectes-europeus-3-e1620283039937-200x150.jpg 200w\" sizes=\"auto, (max-width: 2832px) 100vw, 2832px\" \/><\/td>\n<td><img loading=\"lazy\" decoding=\"async\" class=\"aligncenter wp-image-4697 size-full\" src=\"https:\/\/agora.xtec.cat\/iesdecelra\/wp-content\/uploads\/usu1789\/2021\/05\/C\u00f2pia-de-3rC-projectes-europeus-2-e1620282958411.jpg\" alt=\"\" width=\"2832\" height=\"2124\" srcset=\"https:\/\/agora.xtec.cat\/iesdecelra\/wp-content\/uploads\/usu1789\/2021\/05\/C\u00f2pia-de-3rC-projectes-europeus-2-e1620282958411.jpg 2832w, https:\/\/agora.xtec.cat\/iesdecelra\/wp-content\/uploads\/usu1789\/2021\/05\/C\u00f2pia-de-3rC-projectes-europeus-2-e1620282958411-300x225.jpg 300w, https:\/\/agora.xtec.cat\/iesdecelra\/wp-content\/uploads\/usu1789\/2021\/05\/C\u00f2pia-de-3rC-projectes-europeus-2-e1620282958411-768x576.jpg 768w, https:\/\/agora.xtec.cat\/iesdecelra\/wp-content\/uploads\/usu1789\/2021\/05\/C\u00f2pia-de-3rC-projectes-europeus-2-e1620282958411-1024x768.jpg 1024w, https:\/\/agora.xtec.cat\/iesdecelra\/wp-content\/uploads\/usu1789\/2021\/05\/C\u00f2pia-de-3rC-projectes-europeus-2-e1620282958411-200x150.jpg 200w\" sizes=\"auto, (max-width: 2832px) 100vw, 2832px\" \/><\/td>\n<\/tr>\n<\/tbody>\n<\/table>\n<p>&nbsp;<\/p>\n","protected":false},"excerpt":{"rendered":"<p>En motiu del dia d\u2019Europa, el proper diumenge 9 de maig, i aprofitant que l\u2019Institut de Celr\u00e0 compta amb dos projectes Erasmus+, un grup d\u2019alumnes de 1r i 2n de Batxillerat han tocat i cantat l\u2019himne del projecte ESSE (Evaluating School Social Engagement) creat de&hellip;  <a href=\"https:\/\/agora.xtec.cat\/iesdecelra\/cursos\/eso\/eso-3\/europeday2021-a-linstitut-de-celra\/\" title=\"Read #EuropeDay2021 A L&#8217;INSTITUT DE CELR\u00c0\">Llegeix m\u00e9s\u00bb<\/a><\/p>\n","protected":false},"author":1,"featured_media":4693,"comment_status":"open","ping_status":"closed","sticky":false,"template":"","format":"standard","meta":{"_bbp_topic_count":0,"_bbp_reply_count":0,"_bbp_total_topic_count":0,"_bbp_total_reply_count":0,"_bbp_voice_count":0,"_bbp_anonymous_reply_count":0,"_bbp_topic_count_hidden":0,"_bbp_reply_count_hidden":0,"_bbp_forum_subforum_count":0,"footnotes":""},"categories":[103,8,6,156,158],"tags":[289,245],"class_list":["post-4692","post","type-post","status-publish","format-standard","has-post-thumbnail","hentry","category-actualitat","category-batxillerat","category-eso-3","category-european-projects","category-our-inout-projects","tag-curs-2020-2021","tag-erasmus"],"post_mailing_queue_ids":[],"_links":{"self":[{"href":"https:\/\/agora.xtec.cat\/iesdecelra\/wp-json\/wp\/v2\/posts\/4692","targetHints":{"allow":["GET"]}}],"collection":[{"href":"https:\/\/agora.xtec.cat\/iesdecelra\/wp-json\/wp\/v2\/posts"}],"about":[{"href":"https:\/\/agora.xtec.cat\/iesdecelra\/wp-json\/wp\/v2\/types\/post"}],"author":[{"embeddable":true,"href":"https:\/\/agora.xtec.cat\/iesdecelra\/wp-json\/wp\/v2\/users\/1"}],"replies":[{"embeddable":true,"href":"https:\/\/agora.xtec.cat\/iesdecelra\/wp-json\/wp\/v2\/comments?post=4692"}],"version-history":[{"count":3,"href":"https:\/\/agora.xtec.cat\/iesdecelra\/wp-json\/wp\/v2\/posts\/4692\/revisions"}],"predecessor-version":[{"id":4705,"href":"https:\/\/agora.xtec.cat\/iesdecelra\/wp-json\/wp\/v2\/posts\/4692\/revisions\/4705"}],"wp:featuredmedia":[{"embeddable":true,"href":"https:\/\/agora.xtec.cat\/iesdecelra\/wp-json\/wp\/v2\/media\/4693"}],"wp:attachment":[{"href":"https:\/\/agora.xtec.cat\/iesdecelra\/wp-json\/wp\/v2\/media?parent=4692"}],"wp:term":[{"taxonomy":"category","embeddable":true,"href":"https:\/\/agora.xtec.cat\/iesdecelra\/wp-json\/wp\/v2\/categories?post=4692"},{"taxonomy":"post_tag","embeddable":true,"href":"https:\/\/agora.xtec.cat\/iesdecelra\/wp-json\/wp\/v2\/tags?post=4692"}],"curies":[{"name":"wp","href":"https:\/\/api.w.org\/{rel}","templated":true}]}}