{"id":4663,"date":"2021-05-04T14:07:03","date_gmt":"2021-05-04T12:07:03","guid":{"rendered":"http:\/\/agora.xtec.cat\/iesdecelra\/?p=4663"},"modified":"2021-05-04T14:15:59","modified_gmt":"2021-05-04T12:15:59","slug":"presentem-linstitut-als-alumnes-de-6e","status":"publish","type":"post","link":"https:\/\/agora.xtec.cat\/iesdecelra\/cursos\/eso\/eso-1\/presentem-linstitut-als-alumnes-de-6e\/","title":{"rendered":"PRESENTEM L&#8217;INSTITUT ALS ALUMNES DE 6\u00e8"},"content":{"rendered":"<p>Contestant les q\u00fcestions que ens van fer arribar els alumnes de les escoles adscrites, el divendres 30 d&#8217;abril vam tancar la presentaci\u00f3 de l&#8217;institut als futurs alumnes de 1r d&#8217;ESO.<\/p>\n<p>El dimarts 27 d&#8217;abril ens vam trobar amb tots els grups estables de 6\u00e8 de l&#8217;escola l&#8217;Aulet i l&#8217;escola Les Falgueres de Celr\u00e0, l&#8217;escola de Bordils i l&#8217;escola Les Moreres de Fla\u00e7\u00e0. Vam fer una primera presentaci\u00f3 al pati de l&#8217;institut a les 15.15h per donar-los la benvinguda i despr\u00e9s vam entrar a l&#8217;edifici per poder-los ensenyar els diferents espais. La tarda va acabar amb una din\u00e0mica en les que seran les seves aules.<\/p>\n<p>Dimecres i dijous els alumnes, des de cada escola, van preparar q\u00fcestions que divendres, a trav\u00e9s de Google Meet, alumnes de 1r d&#8217;ESO van poder contestar. La connexi\u00f3 de divendres va haver de ser telem\u00e0tica i esperem que el curs vinent ja es pugui fer de manera presencial.<\/p>\n<p>Amb totes aquestes activitats hem volgut donar-los la benvinguda i que el canvi d&#8217;etapa sigui amb el m\u00e0xim d&#8217;acompanyament.<\/p>\n<p>&nbsp;<\/p>\n<p>&nbsp;<\/p>\n<p>&nbsp;<\/p>\n","protected":false},"excerpt":{"rendered":"<p>Contestant les q\u00fcestions que ens van fer arribar els alumnes de les escoles adscrites, el divendres 30 d&#8217;abril vam tancar la presentaci\u00f3 de l&#8217;institut als futurs alumnes de 1r d&#8217;ESO.<br \/>\nEl dimarts 27 d&#8217;abril ens vam trobar amb tots els grups estables de 6\u00e8 de l&#8217;escola&hellip;  <a href=\"https:\/\/agora.xtec.cat\/iesdecelra\/cursos\/eso\/eso-1\/presentem-linstitut-als-alumnes-de-6e\/\" title=\"Read PRESENTEM L&#8217;INSTITUT ALS ALUMNES DE 6\u00e8\">Llegeix m\u00e9s\u00bb<\/a><\/p>\n","protected":false},"author":1,"featured_media":4670,"comment_status":"open","ping_status":"closed","sticky":false,"template":"","format":"standard","meta":{"_bbp_topic_count":0,"_bbp_reply_count":0,"_bbp_total_topic_count":0,"_bbp_total_reply_count":0,"_bbp_voice_count":0,"_bbp_anonymous_reply_count":0,"_bbp_topic_count_hidden":0,"_bbp_reply_count_hidden":0,"_bbp_forum_subforum_count":0,"footnotes":""},"categories":[103,4],"tags":[120,289,212],"class_list":["post-4663","post","type-post","status-publish","format-standard","has-post-thumbnail","hentry","category-actualitat","category-eso-1","tag-1r-deso","tag-curs-2020-2021","tag-em-faig-gran"],"post_mailing_queue_ids":[],"_links":{"self":[{"href":"https:\/\/agora.xtec.cat\/iesdecelra\/wp-json\/wp\/v2\/posts\/4663","targetHints":{"allow":["GET"]}}],"collection":[{"href":"https:\/\/agora.xtec.cat\/iesdecelra\/wp-json\/wp\/v2\/posts"}],"about":[{"href":"https:\/\/agora.xtec.cat\/iesdecelra\/wp-json\/wp\/v2\/types\/post"}],"author":[{"embeddable":true,"href":"https:\/\/agora.xtec.cat\/iesdecelra\/wp-json\/wp\/v2\/users\/1"}],"replies":[{"embeddable":true,"href":"https:\/\/agora.xtec.cat\/iesdecelra\/wp-json\/wp\/v2\/comments?post=4663"}],"version-history":[{"count":2,"href":"https:\/\/agora.xtec.cat\/iesdecelra\/wp-json\/wp\/v2\/posts\/4663\/revisions"}],"predecessor-version":[{"id":4671,"href":"https:\/\/agora.xtec.cat\/iesdecelra\/wp-json\/wp\/v2\/posts\/4663\/revisions\/4671"}],"wp:featuredmedia":[{"embeddable":true,"href":"https:\/\/agora.xtec.cat\/iesdecelra\/wp-json\/wp\/v2\/media\/4670"}],"wp:attachment":[{"href":"https:\/\/agora.xtec.cat\/iesdecelra\/wp-json\/wp\/v2\/media?parent=4663"}],"wp:term":[{"taxonomy":"category","embeddable":true,"href":"https:\/\/agora.xtec.cat\/iesdecelra\/wp-json\/wp\/v2\/categories?post=4663"},{"taxonomy":"post_tag","embeddable":true,"href":"https:\/\/agora.xtec.cat\/iesdecelra\/wp-json\/wp\/v2\/tags?post=4663"}],"curies":[{"name":"wp","href":"https:\/\/api.w.org\/{rel}","templated":true}]}}