{"id":4615,"date":"2021-05-04T14:18:45","date_gmt":"2021-05-04T12:18:45","guid":{"rendered":"http:\/\/agora.xtec.cat\/iesdecelra\/?p=4615"},"modified":"2021-05-11T14:20:50","modified_gmt":"2021-05-11T12:20:50","slug":"dia-de-les-nenes-en-les-tic","status":"publish","type":"post","link":"https:\/\/agora.xtec.cat\/iesdecelra\/actualitat\/dia-de-les-nenes-en-les-tic\/","title":{"rendered":"DIA DE LES NENES EN LES TIC"},"content":{"rendered":"<p dir=\"ltr\">El passat dia 22 d&#8217;abril va ser el Dia Internacional de la Nena i les TIC (Tecnologies de la Informaci\u00f3 i la Comunicaci\u00f3) que t\u00e9 lloc el quart dijous del mes d&#8217;abril i que ja fa deu anys que es celebra.<\/p>\n<p dir=\"ltr\">Per commemorar-ho R\u00e0dio Celr\u00e0 va convidar als centres educatius del poble a fer una taula rodona per parlar sobre el tema. La professora de Ci\u00e8ncies i Tecnologia S\u00edlvia Guix va fer de moderadora del programa i com a alumnes convidades hi van anar la Isabel Ortiz, alumna de 2n del batxillerat tecnol\u00f2gic i la Nora i la Paula com a representants de les alumnes de 6\u00e8 de les escoles Aulet i Falgueres.<\/p>\n<p dir=\"ltr\"><img loading=\"lazy\" decoding=\"async\" class=\"aligncenter wp-image-4746\" src=\"https:\/\/agora.xtec.cat\/iesdecelra\/wp-content\/uploads\/usu1789\/2021\/05\/IMG_3832.jpg\" alt=\"\" width=\"500\" height=\"375\" srcset=\"https:\/\/agora.xtec.cat\/iesdecelra\/wp-content\/uploads\/usu1789\/2021\/05\/IMG_3832.jpg 1800w, https:\/\/agora.xtec.cat\/iesdecelra\/wp-content\/uploads\/usu1789\/2021\/05\/IMG_3832-300x225.jpg 300w, https:\/\/agora.xtec.cat\/iesdecelra\/wp-content\/uploads\/usu1789\/2021\/05\/IMG_3832-768x576.jpg 768w, https:\/\/agora.xtec.cat\/iesdecelra\/wp-content\/uploads\/usu1789\/2021\/05\/IMG_3832-1024x768.jpg 1024w, https:\/\/agora.xtec.cat\/iesdecelra\/wp-content\/uploads\/usu1789\/2021\/05\/IMG_3832-200x150.jpg 200w\" sizes=\"auto, (max-width: 500px) 100vw, 500px\" \/><\/p>\n<p dir=\"ltr\">Van passar una bona estona parlant de la necessitat d&#8217;un dia Internacional per a les nenes en les TIC, de les dones que han marcat en la hist\u00f2ria i de moltes altres coses interessants. P<span style=\"font-family: inherit; font-size: 1em;\">er aquells que no vareu escoltar el programa i en tingueu ganes, a continuaci\u00f3 teniu el podcast, estem segurs que us agradar\u00e0!!<\/span><\/p>\n<p style=\"text-align: center;\"><a href=\"https:\/\/radio.celra.cat\/programs\/especials\/radiocelra_podcast_8242\">Podcast Les nenes i les TIC de R\u00e0dio Celr\u00e0<\/a><\/p>\n","protected":false},"excerpt":{"rendered":"<p>El passat dia 22 d&#8217;abril va ser el Dia Internacional de la Nena i les TIC (Tecnologies de la Informaci\u00f3 i la Comunicaci\u00f3) que t\u00e9 lloc el quart dijous del mes d&#8217;abril i que ja fa deu anys que es celebra.<br \/>\nPer commemorar-ho R\u00e0dio Celr\u00e0 va&hellip;  <a href=\"https:\/\/agora.xtec.cat\/iesdecelra\/actualitat\/dia-de-les-nenes-en-les-tic\/\" title=\"Read DIA DE LES NENES EN LES TIC\">Llegeix m\u00e9s\u00bb<\/a><\/p>\n","protected":false},"author":1,"featured_media":4686,"comment_status":"open","ping_status":"closed","sticky":false,"template":"","format":"standard","meta":{"_bbp_topic_count":0,"_bbp_reply_count":0,"_bbp_total_topic_count":0,"_bbp_total_reply_count":0,"_bbp_voice_count":0,"_bbp_anonymous_reply_count":0,"_bbp_topic_count_hidden":0,"_bbp_reply_count_hidden":0,"_bbp_forum_subforum_count":0,"footnotes":""},"categories":[103,299],"tags":[115,289,242],"class_list":["post-4615","post","type-post","status-publish","format-standard","has-post-thumbnail","hentry","category-actualitat","category-insteam","tag-batxillerat","tag-curs-2020-2021","tag-dones-i-tecnologia"],"post_mailing_queue_ids":[],"_links":{"self":[{"href":"https:\/\/agora.xtec.cat\/iesdecelra\/wp-json\/wp\/v2\/posts\/4615","targetHints":{"allow":["GET"]}}],"collection":[{"href":"https:\/\/agora.xtec.cat\/iesdecelra\/wp-json\/wp\/v2\/posts"}],"about":[{"href":"https:\/\/agora.xtec.cat\/iesdecelra\/wp-json\/wp\/v2\/types\/post"}],"author":[{"embeddable":true,"href":"https:\/\/agora.xtec.cat\/iesdecelra\/wp-json\/wp\/v2\/users\/1"}],"replies":[{"embeddable":true,"href":"https:\/\/agora.xtec.cat\/iesdecelra\/wp-json\/wp\/v2\/comments?post=4615"}],"version-history":[{"count":3,"href":"https:\/\/agora.xtec.cat\/iesdecelra\/wp-json\/wp\/v2\/posts\/4615\/revisions"}],"predecessor-version":[{"id":4748,"href":"https:\/\/agora.xtec.cat\/iesdecelra\/wp-json\/wp\/v2\/posts\/4615\/revisions\/4748"}],"wp:featuredmedia":[{"embeddable":true,"href":"https:\/\/agora.xtec.cat\/iesdecelra\/wp-json\/wp\/v2\/media\/4686"}],"wp:attachment":[{"href":"https:\/\/agora.xtec.cat\/iesdecelra\/wp-json\/wp\/v2\/media?parent=4615"}],"wp:term":[{"taxonomy":"category","embeddable":true,"href":"https:\/\/agora.xtec.cat\/iesdecelra\/wp-json\/wp\/v2\/categories?post=4615"},{"taxonomy":"post_tag","embeddable":true,"href":"https:\/\/agora.xtec.cat\/iesdecelra\/wp-json\/wp\/v2\/tags?post=4615"}],"curies":[{"name":"wp","href":"https:\/\/api.w.org\/{rel}","templated":true}]}}