{"id":4590,"date":"2021-04-24T20:45:51","date_gmt":"2021-04-24T18:45:51","guid":{"rendered":"http:\/\/agora.xtec.cat\/iesdecelra\/?p=4590"},"modified":"2021-04-29T16:36:57","modified_gmt":"2021-04-29T14:36:57","slug":"sant-jordi-2021","status":"publish","type":"post","link":"https:\/\/agora.xtec.cat\/iesdecelra\/actualitat\/sant-jordi-2021\/","title":{"rendered":"PREMIS SANT JORDI 2021"},"content":{"rendered":"<p style=\"text-align: justify;\">Com cada Sant Jordi l&#8217;Institut de Celr\u00e0 celebra el concurs de redacci\u00f3 en les quatre lleng\u00fces que s&#8217;hi estudien. Aquest any, a m\u00e9s, hi havia la novetat de la modalitat d&#8217;assaig cient\u00edfic. Aquest 23 d&#8217;abril, degut a les condicions de la pand\u00e8mia, l&#8217;acte de lliurament de premis es va retransmetre per <i>streaming <\/i>a tots els grups del centre gr\u00e0cies a la gala que van portar a terme els alumnes de l&#8217;optativa de teatre de 4t d&#8217;ESO, sota la direcci\u00f3 de la professora Olga Soler. La f\u00f3rmula teatralitzada i retransmesa en directe per a tots els membres de l&#8217;institut va possibilitar que els guanyadors rebessin el premi de mans d&#8217;un membre del jurat i del president de l&#8217;AFA, en Ferran L\u00f3pez.<\/p>\n<p style=\"text-align: justify;\">Aqu\u00ed teniu els guanyadors de les diferents modalitats i categories:<\/p>\n<p><img loading=\"lazy\" decoding=\"async\" class=\"aligncenter size-full wp-image-4594\" src=\"https:\/\/agora.xtec.cat\/iesdecelra\/wp-content\/uploads\/usu1789\/2021\/04\/Captura-de-pantalla-2021-04-24-a-les-20.43.33.png\" alt=\"\" width=\"581\" height=\"392\" srcset=\"https:\/\/agora.xtec.cat\/iesdecelra\/wp-content\/uploads\/usu1789\/2021\/04\/Captura-de-pantalla-2021-04-24-a-les-20.43.33.png 581w, https:\/\/agora.xtec.cat\/iesdecelra\/wp-content\/uploads\/usu1789\/2021\/04\/Captura-de-pantalla-2021-04-24-a-les-20.43.33-300x202.png 300w\" sizes=\"auto, (max-width: 581px) 100vw, 581px\" \/> <img loading=\"lazy\" decoding=\"async\" class=\"aligncenter size-full wp-image-4595\" src=\"https:\/\/agora.xtec.cat\/iesdecelra\/wp-content\/uploads\/usu1789\/2021\/04\/Captura-de-pantalla-2021-04-24-a-les-20.43.38.png\" alt=\"\" width=\"578\" height=\"334\" srcset=\"https:\/\/agora.xtec.cat\/iesdecelra\/wp-content\/uploads\/usu1789\/2021\/04\/Captura-de-pantalla-2021-04-24-a-les-20.43.38.png 578w, https:\/\/agora.xtec.cat\/iesdecelra\/wp-content\/uploads\/usu1789\/2021\/04\/Captura-de-pantalla-2021-04-24-a-les-20.43.38-300x173.png 300w\" sizes=\"auto, (max-width: 578px) 100vw, 578px\" \/> <img loading=\"lazy\" decoding=\"async\" class=\"aligncenter size-full wp-image-4596\" src=\"https:\/\/agora.xtec.cat\/iesdecelra\/wp-content\/uploads\/usu1789\/2021\/04\/Captura-de-pantalla-2021-04-24-a-les-20.43.45.png\" alt=\"\" width=\"577\" height=\"346\" srcset=\"https:\/\/agora.xtec.cat\/iesdecelra\/wp-content\/uploads\/usu1789\/2021\/04\/Captura-de-pantalla-2021-04-24-a-les-20.43.45.png 577w, https:\/\/agora.xtec.cat\/iesdecelra\/wp-content\/uploads\/usu1789\/2021\/04\/Captura-de-pantalla-2021-04-24-a-les-20.43.45-300x180.png 300w\" sizes=\"auto, (max-width: 577px) 100vw, 577px\" \/> <img loading=\"lazy\" decoding=\"async\" class=\"aligncenter size-full wp-image-4597\" src=\"https:\/\/agora.xtec.cat\/iesdecelra\/wp-content\/uploads\/usu1789\/2021\/04\/Captura-de-pantalla-2021-04-24-a-les-20.43.51.png\" alt=\"\" width=\"576\" height=\"376\" srcset=\"https:\/\/agora.xtec.cat\/iesdecelra\/wp-content\/uploads\/usu1789\/2021\/04\/Captura-de-pantalla-2021-04-24-a-les-20.43.51.png 576w, https:\/\/agora.xtec.cat\/iesdecelra\/wp-content\/uploads\/usu1789\/2021\/04\/Captura-de-pantalla-2021-04-24-a-les-20.43.51-300x196.png 300w\" sizes=\"auto, (max-width: 576px) 100vw, 576px\" \/> <img loading=\"lazy\" decoding=\"async\" class=\"aligncenter size-full wp-image-4598\" src=\"https:\/\/agora.xtec.cat\/iesdecelra\/wp-content\/uploads\/usu1789\/2021\/04\/Captura-de-pantalla-2021-04-24-a-les-20.43.57.png\" alt=\"\" width=\"574\" height=\"137\" srcset=\"https:\/\/agora.xtec.cat\/iesdecelra\/wp-content\/uploads\/usu1789\/2021\/04\/Captura-de-pantalla-2021-04-24-a-les-20.43.57.png 574w, https:\/\/agora.xtec.cat\/iesdecelra\/wp-content\/uploads\/usu1789\/2021\/04\/Captura-de-pantalla-2021-04-24-a-les-20.43.57-300x72.png 300w\" sizes=\"auto, (max-width: 574px) 100vw, 574px\" \/><\/p>\n<p>Enlla\u00e7 a<a href=\"https:\/\/photos.app.goo.gl\/XXGtKqcYHiUnVTmt7\"> l&#8217;\u00e0lbum de fotos <\/a><\/p>\n<p>Enlla\u00e7 als <a href=\"https:\/\/drive.google.com\/drive\/folders\/1PdvHTpBBJ1N-dntiLf0uYcCE8LxsmGz6?usp=sharing\">textos premiats<\/a><\/p>\n","protected":false},"excerpt":{"rendered":"<p>Com cada Sant Jordi l&#8217;Institut de Celr\u00e0 celebra el concurs de redacci\u00f3 en les quatre lleng\u00fces que s&#8217;hi estudien. Aquest any, a m\u00e9s, hi havia la novetat de la modalitat d&#8217;assaig cient\u00edfic. Aquest 23 d&#8217;abril, degut a les condicions de la pand\u00e8mia, l&#8217;acte de lliurament&hellip;  <a href=\"https:\/\/agora.xtec.cat\/iesdecelra\/actualitat\/sant-jordi-2021\/\" title=\"Read PREMIS SANT JORDI 2021\">Llegeix m\u00e9s\u00bb<\/a><\/p>\n","protected":false},"author":1,"featured_media":4591,"comment_status":"open","ping_status":"closed","sticky":false,"template":"","format":"standard","meta":{"_bbp_topic_count":0,"_bbp_reply_count":0,"_bbp_total_topic_count":0,"_bbp_total_reply_count":0,"_bbp_voice_count":0,"_bbp_anonymous_reply_count":0,"_bbp_topic_count_hidden":0,"_bbp_reply_count_hidden":0,"_bbp_forum_subforum_count":0,"footnotes":""},"categories":[103,218],"tags":[168,289,38],"class_list":["post-4590","post","type-post","status-publish","format-standard","has-post-thumbnail","hentry","category-actualitat","category-concursos-i-premis","tag-concursos","tag-curs-2020-2021","tag-sant-jordi"],"post_mailing_queue_ids":[],"_links":{"self":[{"href":"https:\/\/agora.xtec.cat\/iesdecelra\/wp-json\/wp\/v2\/posts\/4590","targetHints":{"allow":["GET"]}}],"collection":[{"href":"https:\/\/agora.xtec.cat\/iesdecelra\/wp-json\/wp\/v2\/posts"}],"about":[{"href":"https:\/\/agora.xtec.cat\/iesdecelra\/wp-json\/wp\/v2\/types\/post"}],"author":[{"embeddable":true,"href":"https:\/\/agora.xtec.cat\/iesdecelra\/wp-json\/wp\/v2\/users\/1"}],"replies":[{"embeddable":true,"href":"https:\/\/agora.xtec.cat\/iesdecelra\/wp-json\/wp\/v2\/comments?post=4590"}],"version-history":[{"count":3,"href":"https:\/\/agora.xtec.cat\/iesdecelra\/wp-json\/wp\/v2\/posts\/4590\/revisions"}],"predecessor-version":[{"id":4647,"href":"https:\/\/agora.xtec.cat\/iesdecelra\/wp-json\/wp\/v2\/posts\/4590\/revisions\/4647"}],"wp:featuredmedia":[{"embeddable":true,"href":"https:\/\/agora.xtec.cat\/iesdecelra\/wp-json\/wp\/v2\/media\/4591"}],"wp:attachment":[{"href":"https:\/\/agora.xtec.cat\/iesdecelra\/wp-json\/wp\/v2\/media?parent=4590"}],"wp:term":[{"taxonomy":"category","embeddable":true,"href":"https:\/\/agora.xtec.cat\/iesdecelra\/wp-json\/wp\/v2\/categories?post=4590"},{"taxonomy":"post_tag","embeddable":true,"href":"https:\/\/agora.xtec.cat\/iesdecelra\/wp-json\/wp\/v2\/tags?post=4590"}],"curies":[{"name":"wp","href":"https:\/\/api.w.org\/{rel}","templated":true}]}}