{"id":4501,"date":"2021-04-06T14:13:32","date_gmt":"2021-04-06T12:13:32","guid":{"rendered":"http:\/\/agora.xtec.cat\/iesdecelra\/?p=4501"},"modified":"2021-05-04T14:26:18","modified_gmt":"2021-05-04T12:26:18","slug":"ciencia-entre-tots-2","status":"publish","type":"post","link":"https:\/\/agora.xtec.cat\/iesdecelra\/cursos\/eso\/ciencia-entre-tots-2\/","title":{"rendered":"CI\u00c8NCIA ENTRE TOTS"},"content":{"rendered":"<p dir=\"auto\">S\u2019acosta la data de la fira de la ci\u00e8ncia de Girona: \u201cCi\u00e8ncia entre tots\u201d, enguany \u00e9s el 24 d\u2019abril. Es tracta d\u2019una fira de ci\u00e8ncies i tecnologia en la que alumnes de secund\u00e0ria, de diferents instituts, presenten i expliquen experiments, juntament amb divulgadors i professors de la universitat. Degut a les restriccions actuals, des de l\u2019organitzaci\u00f3, s\u2019ha decidit fer-la telem\u00e0ticament.<\/p>\n<p dir=\"auto\">Com cada any des de l\u2019institut de Celr\u00e0 hi participem i \u00e9s per aix\u00f2 que aquestes \u00faltimes setmanes, alguns alumnes\u00a0de 2n d\u2019ESO, de 4t i de 2n de batxillerat,\u00a0hem fet uns quants v\u00eddeos d\u2019alguns dels experiments i dels materials que haur\u00edem presentat.<\/p>\n<p dir=\"auto\">Quan sigui la data de la fira us compartirem l\u2019enlla\u00e7 a la fira virtual, de moment aqu\u00ed teniu un tastet amb els nostres v\u00eddeos:<\/p>\n<table>\n<tbody>\n<tr>\n<td><iframe loading=\"lazy\" src=\"https:\/\/www.youtube.com\/embed\/iK-Y3L3ZUjs\" width=\"560\" height=\"315\" frameborder=\"0\"><\/iframe><\/td>\n<td><iframe loading=\"lazy\" src=\"https:\/\/www.youtube.com\/embed\/RfAuw0fCoaY\" width=\"560\" height=\"315\" frameborder=\"0\"><\/iframe><\/td>\n<\/tr>\n<tr>\n<td><iframe loading=\"lazy\" src=\"https:\/\/www.youtube.com\/embed\/7MxOPbWhRI4\" width=\"560\" height=\"315\" frameborder=\"0\"><\/iframe><\/td>\n<td><iframe loading=\"lazy\" src=\"https:\/\/www.youtube.com\/embed\/WI3zKt9a0x0\" width=\"560\" height=\"315\" frameborder=\"0\"><\/iframe><\/td>\n<\/tr>\n<tr>\n<td><iframe loading=\"lazy\" src=\"https:\/\/www.youtube.com\/embed\/UWmZDBu5J8A\" width=\"560\" height=\"315\" frameborder=\"0\"><\/iframe><\/td>\n<td><iframe loading=\"lazy\" src=\"https:\/\/www.youtube.com\/embed\/ctmM1PHlM5o\" width=\"560\" height=\"315\" frameborder=\"0\"><\/iframe><\/td>\n<\/tr>\n<tr>\n<td><iframe loading=\"lazy\" src=\"https:\/\/www.youtube.com\/embed\/lLERL5mezRM\" width=\"560\" height=\"315\" frameborder=\"0\"><\/iframe><\/td>\n<td><iframe loading=\"lazy\" src=\"https:\/\/www.youtube.com\/embed\/kgauIydXrv4\" width=\"560\" height=\"315\" frameborder=\"0\"><\/iframe><\/td>\n<\/tr>\n<\/tbody>\n<\/table>\n","protected":false},"excerpt":{"rendered":"<p>S\u2019acosta la data de la fira de la ci\u00e8ncia de Girona: \u201cCi\u00e8ncia entre tots\u201d, enguany \u00e9s el 24 d\u2019abril. Es tracta d\u2019una fira de ci\u00e8ncies i tecnologia en la que alumnes de secund\u00e0ria, de diferents instituts, presenten i expliquen experiments, juntament amb divulgadors i professors&hellip;  <a href=\"https:\/\/agora.xtec.cat\/iesdecelra\/cursos\/eso\/ciencia-entre-tots-2\/\" title=\"Read CI\u00c8NCIA ENTRE TOTS\">Llegeix m\u00e9s\u00bb<\/a><\/p>\n","protected":false},"author":1,"featured_media":4503,"comment_status":"open","ping_status":"closed","sticky":false,"template":"","format":"standard","meta":{"_bbp_topic_count":0,"_bbp_reply_count":0,"_bbp_total_topic_count":0,"_bbp_total_reply_count":0,"_bbp_voice_count":0,"_bbp_anonymous_reply_count":0,"_bbp_topic_count_hidden":0,"_bbp_reply_count_hidden":0,"_bbp_forum_subforum_count":0,"footnotes":""},"categories":[8,3,299],"tags":[204,289,249,209,295],"class_list":["post-4501","post","type-post","status-publish","format-standard","has-post-thumbnail","hentry","category-batxillerat","category-eso","category-insteam","tag-ciencia-entre-tots","tag-curs-2020-2021","tag-departament-dexperimentals","tag-departament-de-tecnologia","tag-stem"],"post_mailing_queue_ids":[],"_links":{"self":[{"href":"https:\/\/agora.xtec.cat\/iesdecelra\/wp-json\/wp\/v2\/posts\/4501","targetHints":{"allow":["GET"]}}],"collection":[{"href":"https:\/\/agora.xtec.cat\/iesdecelra\/wp-json\/wp\/v2\/posts"}],"about":[{"href":"https:\/\/agora.xtec.cat\/iesdecelra\/wp-json\/wp\/v2\/types\/post"}],"author":[{"embeddable":true,"href":"https:\/\/agora.xtec.cat\/iesdecelra\/wp-json\/wp\/v2\/users\/1"}],"replies":[{"embeddable":true,"href":"https:\/\/agora.xtec.cat\/iesdecelra\/wp-json\/wp\/v2\/comments?post=4501"}],"version-history":[{"count":2,"href":"https:\/\/agora.xtec.cat\/iesdecelra\/wp-json\/wp\/v2\/posts\/4501\/revisions"}],"predecessor-version":[{"id":4533,"href":"https:\/\/agora.xtec.cat\/iesdecelra\/wp-json\/wp\/v2\/posts\/4501\/revisions\/4533"}],"wp:featuredmedia":[{"embeddable":true,"href":"https:\/\/agora.xtec.cat\/iesdecelra\/wp-json\/wp\/v2\/media\/4503"}],"wp:attachment":[{"href":"https:\/\/agora.xtec.cat\/iesdecelra\/wp-json\/wp\/v2\/media?parent=4501"}],"wp:term":[{"taxonomy":"category","embeddable":true,"href":"https:\/\/agora.xtec.cat\/iesdecelra\/wp-json\/wp\/v2\/categories?post=4501"},{"taxonomy":"post_tag","embeddable":true,"href":"https:\/\/agora.xtec.cat\/iesdecelra\/wp-json\/wp\/v2\/tags?post=4501"}],"curies":[{"name":"wp","href":"https:\/\/api.w.org\/{rel}","templated":true}]}}