{"id":4424,"date":"2021-03-08T09:01:41","date_gmt":"2021-03-08T08:01:41","guid":{"rendered":"http:\/\/agora.xtec.cat\/iesdecelra\/?p=4424"},"modified":"2021-03-08T09:04:54","modified_gmt":"2021-03-08T08:04:54","slug":"la-historia-de-la-sabrina","status":"publish","type":"post","link":"https:\/\/agora.xtec.cat\/iesdecelra\/actualitat\/la-historia-de-la-sabrina\/","title":{"rendered":"LA HIST\u00d2RIA DE LA SABRINA"},"content":{"rendered":"<p><img loading=\"lazy\" decoding=\"async\" class=\"aligncenter wp-image-4427\" src=\"https:\/\/agora.xtec.cat\/iesdecelra\/wp-content\/uploads\/usu1789\/2021\/03\/Cayuco-e2ffc.jpg\" alt=\"\" width=\"388\" height=\"218\" srcset=\"https:\/\/agora.xtec.cat\/iesdecelra\/wp-content\/uploads\/usu1789\/2021\/03\/Cayuco-e2ffc.jpg 750w, https:\/\/agora.xtec.cat\/iesdecelra\/wp-content\/uploads\/usu1789\/2021\/03\/Cayuco-e2ffc-300x168.jpg 300w\" sizes=\"auto, (max-width: 388px) 100vw, 388px\" \/><\/p>\n<p><span style=\"font-weight: 400;\">El dijous 25 de febrer, els alumnes de la comissi\u00f3 de refugiats de l\u2019Institut de Celr\u00e0 vam fer una videoconfer\u00e8ncia amb la Sabrina, una noia del Marroc que ens va explicar la seva hist\u00f2ria personal. Va arribar a la pen\u00ednsula en una pastera, amb altra gent per\u00f2 que no coneixia, despr\u00e9s d\u2019intentar fer el viatge tres cops. Va passar molta por, i en alguns centres d\u2019acollida d\u2019Andalusia va tenir dificultats. Va venir a Catalunya amb una amiga en bus; ara est\u00e0 fent quart d\u2019ESO en un institut de Figueres i viu en un pis amb altres nois i noies.<\/span><\/p>\n<p><span style=\"font-weight: 400;\">Ens va agradar molt con\u00e8ixer-la, va ser molt amable i ens va encomanar la seva for\u00e7a.\u00a0 El seu somni \u00e9s estudiar per ser educadora social i poder ajudar altres joves que com ella\u00a0 han de buscar una vida millor lluny de la seva fam\u00edlia. Esperem seguir en contacte amb tu, Sabrina!<\/span><\/p>\n<p><span style=\"font-weight: 400;\">Agn\u00e8s Puig 1r A<\/span><\/p>\n<p><span style=\"font-weight: 400;\">Salma Berkach 1r A<\/span><\/p>\n<p><span style=\"font-weight: 400;\">Mariyamu Keita 1r C<\/span><\/p>\n<p><span style=\"font-weight: 400;\">Fatu Trawally 1r B<\/span><\/p>\n<p><span style=\"font-weight: 400;\">Maria Oliver 1r A<\/span><\/p>\n","protected":false},"excerpt":{"rendered":"<p>El dijous 25 de febrer, els alumnes de la comissi\u00f3 de refugiats de l\u2019Institut de Celr\u00e0 vam fer una videoconfer\u00e8ncia amb la Sabrina, una noia del Marroc que ens va explicar la seva hist\u00f2ria personal. Va arribar a la pen\u00ednsula en una pastera, amb altra&hellip;  <a href=\"https:\/\/agora.xtec.cat\/iesdecelra\/actualitat\/la-historia-de-la-sabrina\/\" title=\"Read LA HIST\u00d2RIA DE LA SABRINA\">Llegeix m\u00e9s\u00bb<\/a><\/p>\n","protected":false},"author":1,"featured_media":4427,"comment_status":"open","ping_status":"closed","sticky":false,"template":"","format":"standard","meta":{"_bbp_topic_count":0,"_bbp_reply_count":0,"_bbp_total_topic_count":0,"_bbp_total_reply_count":0,"_bbp_voice_count":0,"_bbp_anonymous_reply_count":0,"_bbp_topic_count_hidden":0,"_bbp_reply_count_hidden":0,"_bbp_forum_subforum_count":0,"footnotes":""},"categories":[103],"tags":[172,289],"class_list":["post-4424","post","type-post","status-publish","format-standard","has-post-thumbnail","hentry","category-actualitat","tag-comissio-de-refugiats","tag-curs-2020-2021"],"post_mailing_queue_ids":[],"_links":{"self":[{"href":"https:\/\/agora.xtec.cat\/iesdecelra\/wp-json\/wp\/v2\/posts\/4424","targetHints":{"allow":["GET"]}}],"collection":[{"href":"https:\/\/agora.xtec.cat\/iesdecelra\/wp-json\/wp\/v2\/posts"}],"about":[{"href":"https:\/\/agora.xtec.cat\/iesdecelra\/wp-json\/wp\/v2\/types\/post"}],"author":[{"embeddable":true,"href":"https:\/\/agora.xtec.cat\/iesdecelra\/wp-json\/wp\/v2\/users\/1"}],"replies":[{"embeddable":true,"href":"https:\/\/agora.xtec.cat\/iesdecelra\/wp-json\/wp\/v2\/comments?post=4424"}],"version-history":[{"count":3,"href":"https:\/\/agora.xtec.cat\/iesdecelra\/wp-json\/wp\/v2\/posts\/4424\/revisions"}],"predecessor-version":[{"id":4428,"href":"https:\/\/agora.xtec.cat\/iesdecelra\/wp-json\/wp\/v2\/posts\/4424\/revisions\/4428"}],"wp:featuredmedia":[{"embeddable":true,"href":"https:\/\/agora.xtec.cat\/iesdecelra\/wp-json\/wp\/v2\/media\/4427"}],"wp:attachment":[{"href":"https:\/\/agora.xtec.cat\/iesdecelra\/wp-json\/wp\/v2\/media?parent=4424"}],"wp:term":[{"taxonomy":"category","embeddable":true,"href":"https:\/\/agora.xtec.cat\/iesdecelra\/wp-json\/wp\/v2\/categories?post=4424"},{"taxonomy":"post_tag","embeddable":true,"href":"https:\/\/agora.xtec.cat\/iesdecelra\/wp-json\/wp\/v2\/tags?post=4424"}],"curies":[{"name":"wp","href":"https:\/\/api.w.org\/{rel}","templated":true}]}}