{"id":4420,"date":"2021-03-08T08:35:58","date_gmt":"2021-03-08T07:35:58","guid":{"rendered":"http:\/\/agora.xtec.cat\/iesdecelra\/?p=4420"},"modified":"2021-03-08T08:36:40","modified_gmt":"2021-03-08T07:36:40","slug":"8-de-marc-de-2021","status":"publish","type":"post","link":"https:\/\/agora.xtec.cat\/iesdecelra\/general\/musica-de-la-setmana\/8-de-marc-de-2021\/","title":{"rendered":"8 de mar\u00e7 de 2021"},"content":{"rendered":"<p><iframe loading=\"lazy\" title=\"Ang\u00e8le - Balance Ton Quoi [CLIP OFFICIEL]\" width=\"500\" height=\"281\" src=\"https:\/\/www.youtube.com\/embed\/Hi7Rx3En7-k?feature=oembed\" frameborder=\"0\" allow=\"accelerometer; autoplay; clipboard-write; encrypted-media; gyroscope; picture-in-picture; web-share\" referrerpolicy=\"strict-origin-when-cross-origin\" allowfullscreen><\/iframe><\/p>\n<p>Aquesta setmana sonar\u00e0 <em>Balance ton Quoi<\/em>, de l&#8217;Ang\u00e8le, una can\u00e7\u00f3 antisexista que s&#8217;ha treballat a les classes de m\u00fasica i de franc\u00e8s.<\/p>\n","protected":false},"excerpt":{"rendered":"<p>Aquesta setmana sonar\u00e0 Balance ton Quoi, de l&#8217;Ang\u00e8le, una can\u00e7\u00f3 antisexista que s&#8217;ha treballat a les classes de m\u00fasica i de franc\u00e8s.<\/p>\n","protected":false},"author":1,"featured_media":4421,"comment_status":"open","ping_status":"closed","sticky":false,"template":"","format":"standard","meta":{"_bbp_topic_count":0,"_bbp_reply_count":0,"_bbp_total_topic_count":0,"_bbp_total_reply_count":0,"_bbp_voice_count":0,"_bbp_anonymous_reply_count":0,"_bbp_topic_count_hidden":0,"_bbp_reply_count_hidden":0,"_bbp_forum_subforum_count":0,"footnotes":""},"categories":[122],"tags":[289,123],"class_list":["post-4420","post","type-post","status-publish","format-standard","has-post-thumbnail","hentry","category-musica-de-la-setmana","tag-curs-2020-2021","tag-musica-de-la-setmana"],"post_mailing_queue_ids":[],"_links":{"self":[{"href":"https:\/\/agora.xtec.cat\/iesdecelra\/wp-json\/wp\/v2\/posts\/4420","targetHints":{"allow":["GET"]}}],"collection":[{"href":"https:\/\/agora.xtec.cat\/iesdecelra\/wp-json\/wp\/v2\/posts"}],"about":[{"href":"https:\/\/agora.xtec.cat\/iesdecelra\/wp-json\/wp\/v2\/types\/post"}],"author":[{"embeddable":true,"href":"https:\/\/agora.xtec.cat\/iesdecelra\/wp-json\/wp\/v2\/users\/1"}],"replies":[{"embeddable":true,"href":"https:\/\/agora.xtec.cat\/iesdecelra\/wp-json\/wp\/v2\/comments?post=4420"}],"version-history":[{"count":2,"href":"https:\/\/agora.xtec.cat\/iesdecelra\/wp-json\/wp\/v2\/posts\/4420\/revisions"}],"predecessor-version":[{"id":4423,"href":"https:\/\/agora.xtec.cat\/iesdecelra\/wp-json\/wp\/v2\/posts\/4420\/revisions\/4423"}],"wp:featuredmedia":[{"embeddable":true,"href":"https:\/\/agora.xtec.cat\/iesdecelra\/wp-json\/wp\/v2\/media\/4421"}],"wp:attachment":[{"href":"https:\/\/agora.xtec.cat\/iesdecelra\/wp-json\/wp\/v2\/media?parent=4420"}],"wp:term":[{"taxonomy":"category","embeddable":true,"href":"https:\/\/agora.xtec.cat\/iesdecelra\/wp-json\/wp\/v2\/categories?post=4420"},{"taxonomy":"post_tag","embeddable":true,"href":"https:\/\/agora.xtec.cat\/iesdecelra\/wp-json\/wp\/v2\/tags?post=4420"}],"curies":[{"name":"wp","href":"https:\/\/api.w.org\/{rel}","templated":true}]}}