{"id":4250,"date":"2021-01-30T07:41:43","date_gmt":"2021-01-30T06:41:43","guid":{"rendered":"http:\/\/agora.xtec.cat\/iesdecelra\/?p=4250"},"modified":"2022-01-26T11:57:36","modified_gmt":"2022-01-26T10:57:36","slug":"cartell-pinta-la-marato-2020","status":"publish","type":"post","link":"https:\/\/agora.xtec.cat\/iesdecelra\/cursos\/eso\/eso-4\/cartell-pinta-la-marato-2020\/","title":{"rendered":"CARTELL PINTA LA MARAT\u00d3 2020"},"content":{"rendered":"<p>L&#8217;alumnat de l&#8217;optativa de 4t de DIBUIX va presentar el seg\u00fcent cartell per al concurs de <i>Pinta la Marat\u00f3<\/i> que cada any s&#8217;organitza per recollir diners per a l&#8217;investigaci\u00f3 d&#8217;una malaltia. Aquest any, com no podia ser d&#8217;una altra manera, la malaltia escollida ha estat la COVID-19.<\/p>\n<p><a href=\"https:\/\/agora.xtec.cat\/iesdecelra\/wp-content\/uploads\/usu1789\/2021\/01\/CARTEL-MARATO-20.png\"><img loading=\"lazy\" decoding=\"async\" class=\"aligncenter size-full wp-image-4252\" src=\"https:\/\/agora.xtec.cat\/iesdecelra\/wp-content\/uploads\/usu1789\/2021\/01\/CARTEL-MARATO-20.png\" alt=\"\" width=\"645\" height=\"665\" srcset=\"https:\/\/agora.xtec.cat\/iesdecelra\/wp-content\/uploads\/usu1789\/2021\/01\/CARTEL-MARATO-20.png 645w, https:\/\/agora.xtec.cat\/iesdecelra\/wp-content\/uploads\/usu1789\/2021\/01\/CARTEL-MARATO-20-291x300.png 291w\" sizes=\"auto, (max-width: 645px) 100vw, 645px\" \/><\/a><\/p>\n","protected":false},"excerpt":{"rendered":"<p>L&#8217;alumnat de l&#8217;optativa de 4t de DIBUIX va presentar el seg\u00fcent cartell per al concurs de Pinta la Marat\u00f3 que cada any s&#8217;organitza per recollir diners per a l&#8217;investigaci\u00f3 d&#8217;una malaltia. Aquest any, com no podia ser d&#8217;una altra manera, la malaltia escollida ha estat&hellip;  <a href=\"https:\/\/agora.xtec.cat\/iesdecelra\/cursos\/eso\/eso-4\/cartell-pinta-la-marato-2020\/\" title=\"Read CARTELL PINTA LA MARAT\u00d3 2020\">Llegeix m\u00e9s\u00bb<\/a><\/p>\n","protected":false},"author":1,"featured_media":4254,"comment_status":"open","ping_status":"closed","sticky":false,"template":"","format":"standard","meta":{"_bbp_topic_count":0,"_bbp_reply_count":0,"_bbp_total_topic_count":0,"_bbp_total_reply_count":0,"_bbp_voice_count":0,"_bbp_anonymous_reply_count":0,"_bbp_topic_count_hidden":0,"_bbp_reply_count_hidden":0,"_bbp_forum_subforum_count":0,"footnotes":""},"categories":[103,7],"tags":[289,254,255],"class_list":["post-4250","post","type-post","status-publish","format-standard","has-post-thumbnail","hentry","category-actualitat","category-eso-4","tag-curs-2020-2021","tag-departament-deducacio-visual-i-plastica","tag-la-marato"],"post_mailing_queue_ids":[],"_links":{"self":[{"href":"https:\/\/agora.xtec.cat\/iesdecelra\/wp-json\/wp\/v2\/posts\/4250","targetHints":{"allow":["GET"]}}],"collection":[{"href":"https:\/\/agora.xtec.cat\/iesdecelra\/wp-json\/wp\/v2\/posts"}],"about":[{"href":"https:\/\/agora.xtec.cat\/iesdecelra\/wp-json\/wp\/v2\/types\/post"}],"author":[{"embeddable":true,"href":"https:\/\/agora.xtec.cat\/iesdecelra\/wp-json\/wp\/v2\/users\/1"}],"replies":[{"embeddable":true,"href":"https:\/\/agora.xtec.cat\/iesdecelra\/wp-json\/wp\/v2\/comments?post=4250"}],"version-history":[{"count":3,"href":"https:\/\/agora.xtec.cat\/iesdecelra\/wp-json\/wp\/v2\/posts\/4250\/revisions"}],"predecessor-version":[{"id":4256,"href":"https:\/\/agora.xtec.cat\/iesdecelra\/wp-json\/wp\/v2\/posts\/4250\/revisions\/4256"}],"wp:featuredmedia":[{"embeddable":true,"href":"https:\/\/agora.xtec.cat\/iesdecelra\/wp-json\/wp\/v2\/media\/4254"}],"wp:attachment":[{"href":"https:\/\/agora.xtec.cat\/iesdecelra\/wp-json\/wp\/v2\/media?parent=4250"}],"wp:term":[{"taxonomy":"category","embeddable":true,"href":"https:\/\/agora.xtec.cat\/iesdecelra\/wp-json\/wp\/v2\/categories?post=4250"},{"taxonomy":"post_tag","embeddable":true,"href":"https:\/\/agora.xtec.cat\/iesdecelra\/wp-json\/wp\/v2\/tags?post=4250"}],"curies":[{"name":"wp","href":"https:\/\/api.w.org\/{rel}","templated":true}]}}