{"id":4241,"date":"2021-01-26T09:20:49","date_gmt":"2021-01-26T08:20:49","guid":{"rendered":"http:\/\/agora.xtec.cat\/iesdecelra\/?p=4241"},"modified":"2021-01-26T11:55:08","modified_gmt":"2021-01-26T10:55:08","slug":"manifest-de-la-diada","status":"publish","type":"post","link":"https:\/\/agora.xtec.cat\/iesdecelra\/actualitat\/manifest-de-la-diada\/","title":{"rendered":"MANIFEST DE LA DIADA"},"content":{"rendered":"<p>Avui celebrem la Diada de l&#8217;Institut. Una jornada que normalment dediquem a fer activitats diferents per a treballar entorn del lema del curs, que aquest curs \u00e9s <em>Formem-nos per transformar<\/em>. En cada Diada fem p\u00fablic un manifest, que aquest curs ha preparat l&#8217;alumnat del moviment <em>Fridays for Future<\/em> de l&#8217;institut. Val la pena que hi feu una ullada:<\/p>\n<p><iframe loading=\"lazy\" src=\"https:\/\/www.youtube.com\/embed\/tYAzxXpVR5w\" width=\"560\" height=\"315\" frameborder=\"0\"><\/iframe><\/p>\n<p style=\"text-align: justify;\">Una altra de les activitats t\u00edpiques d&#8217;aquesta jornada i que aquest curs no podrem dur a terme com ho sol\u00edem fer \u00e9s la Cloenda: l&#8217;\u00faltima franja hor\u00e0ria del dia servia per reunir-nos tots plegats al gimn\u00e0s per fer una mica de reflexi\u00f3 i s\u00edntesi de com havia anat el dia. En aquest acte sempre ens hi acompanyava algun tema musical amanit amb unes imatges que ens feien reflexionar. Aquest curs, tot i que no ho podrem fer de la mateixa manera per les mesures sanit\u00e0ries, no hem volgut renunciar a aquest petit espai de valoraci\u00f3: podreu trobar aquesta pe\u00e7a que ens acompanya a la reflexi\u00f3 en aquest <a href=\"https:\/\/drive.google.com\/file\/d\/1h83b4QkvZgUzALMWRwsllatgf2CxKZie\/view?usp=sharing\">v\u00eddeo.<\/a><\/p>\n","protected":false},"excerpt":{"rendered":"<p>Avui celebrem la Diada de l&#8217;Institut. Una jornada que normalment dediquem a fer activitats diferents per a treballar entorn del lema del curs, que aquest curs \u00e9s Formem-nos per transformar. En cada Diada fem p\u00fablic un manifest, que aquest curs ha preparat l&#8217;alumnat del moviment&hellip;  <a href=\"https:\/\/agora.xtec.cat\/iesdecelra\/actualitat\/manifest-de-la-diada\/\" title=\"Read MANIFEST DE LA DIADA\">Llegeix m\u00e9s\u00bb<\/a><\/p>\n","protected":false},"author":1,"featured_media":4243,"comment_status":"open","ping_status":"closed","sticky":false,"template":"","format":"standard","meta":{"_bbp_topic_count":0,"_bbp_reply_count":0,"_bbp_total_topic_count":0,"_bbp_total_reply_count":0,"_bbp_voice_count":0,"_bbp_anonymous_reply_count":0,"_bbp_topic_count_hidden":0,"_bbp_reply_count_hidden":0,"_bbp_forum_subforum_count":0,"footnotes":""},"categories":[103],"tags":[289,169],"class_list":["post-4241","post","type-post","status-publish","format-standard","has-post-thumbnail","hentry","category-actualitat","tag-curs-2020-2021","tag-diada"],"post_mailing_queue_ids":[],"_links":{"self":[{"href":"https:\/\/agora.xtec.cat\/iesdecelra\/wp-json\/wp\/v2\/posts\/4241","targetHints":{"allow":["GET"]}}],"collection":[{"href":"https:\/\/agora.xtec.cat\/iesdecelra\/wp-json\/wp\/v2\/posts"}],"about":[{"href":"https:\/\/agora.xtec.cat\/iesdecelra\/wp-json\/wp\/v2\/types\/post"}],"author":[{"embeddable":true,"href":"https:\/\/agora.xtec.cat\/iesdecelra\/wp-json\/wp\/v2\/users\/1"}],"replies":[{"embeddable":true,"href":"https:\/\/agora.xtec.cat\/iesdecelra\/wp-json\/wp\/v2\/comments?post=4241"}],"version-history":[{"count":3,"href":"https:\/\/agora.xtec.cat\/iesdecelra\/wp-json\/wp\/v2\/posts\/4241\/revisions"}],"predecessor-version":[{"id":4249,"href":"https:\/\/agora.xtec.cat\/iesdecelra\/wp-json\/wp\/v2\/posts\/4241\/revisions\/4249"}],"wp:featuredmedia":[{"embeddable":true,"href":"https:\/\/agora.xtec.cat\/iesdecelra\/wp-json\/wp\/v2\/media\/4243"}],"wp:attachment":[{"href":"https:\/\/agora.xtec.cat\/iesdecelra\/wp-json\/wp\/v2\/media?parent=4241"}],"wp:term":[{"taxonomy":"category","embeddable":true,"href":"https:\/\/agora.xtec.cat\/iesdecelra\/wp-json\/wp\/v2\/categories?post=4241"},{"taxonomy":"post_tag","embeddable":true,"href":"https:\/\/agora.xtec.cat\/iesdecelra\/wp-json\/wp\/v2\/tags?post=4241"}],"curies":[{"name":"wp","href":"https:\/\/api.w.org\/{rel}","templated":true}]}}