{"id":4218,"date":"2021-01-19T13:11:22","date_gmt":"2021-01-19T12:11:22","guid":{"rendered":"http:\/\/agora.xtec.cat\/iesdecelra\/?p=4218"},"modified":"2021-01-19T13:26:13","modified_gmt":"2021-01-19T12:26:13","slug":"mazoni-ens-explica-com-fer-la-lletra-duna-canco","status":"publish","type":"post","link":"https:\/\/agora.xtec.cat\/iesdecelra\/actualitat\/mazoni-ens-explica-com-fer-la-lletra-duna-canco\/","title":{"rendered":"MAZONI ENS EXPLICA COM FER LA LLETRA D&#8217;UNA CAN\u00c7\u00d3"},"content":{"rendered":"<p style=\"text-align: justify;\">En el marc del projecte Erasmus+ KA229 &#8220;Evaluating School Social Engagement&#8221;, els alumnes que formen part del programa europeu van poder participar, juntament amb els seus companys belgues i italians, en un workshop virtual en angl\u00e8s a c\u00e0rrec del m\u00fasic, compositor i productor Jaume Pla (Mazoni). El resultat va ser redactar una <em>check-list<\/em> amb els principals \u00edtems a tenir en compte a l&#8217;hora de composar la lletra d&#8217;una can\u00e7\u00f3. L&#8217;objectiu \u00e9s que properament els alumnes cre\u00efn en grup la lletra d&#8217;un himne que resumeixi els principals objectius del projecte Erasmus!<\/p>\n<table class=\" aligncenter\" style=\"width: 592px;\">\n<tbody>\n<tr>\n<td style=\"text-align: center; width: 164.8px;\"><img decoding=\"async\" src=\"https:\/\/agora.xtec.cat\/iesdecelra\/wp-content\/uploads\/usu1789\/2021\/01\/ESSE-workshop-1-1-e1611058021999.jpg\" alt=\"\" \/><\/td>\n<td style=\"width: 214.4px;\"><a href=\"https:\/\/agora.xtec.cat\/iesdecelra\/wp-content\/uploads\/usu1789\/2021\/01\/Esse-workshop-2.jpg\"><img loading=\"lazy\" decoding=\"async\" class=\"aligncenter wp-image-4220 size-medium\" src=\"https:\/\/agora.xtec.cat\/iesdecelra\/wp-content\/uploads\/usu1789\/2021\/01\/Esse-workshop-2-300x225.jpg\" alt=\"\" width=\"300\" height=\"225\" srcset=\"https:\/\/agora.xtec.cat\/iesdecelra\/wp-content\/uploads\/usu1789\/2021\/01\/Esse-workshop-2-300x225.jpg 300w, https:\/\/agora.xtec.cat\/iesdecelra\/wp-content\/uploads\/usu1789\/2021\/01\/Esse-workshop-2-768x576.jpg 768w, https:\/\/agora.xtec.cat\/iesdecelra\/wp-content\/uploads\/usu1789\/2021\/01\/Esse-workshop-2-1024x768.jpg 1024w, https:\/\/agora.xtec.cat\/iesdecelra\/wp-content\/uploads\/usu1789\/2021\/01\/Esse-workshop-2-200x150.jpg 200w\" sizes=\"auto, (max-width: 300px) 100vw, 300px\" \/><\/a><\/td>\n<td style=\"width: 204px;\"><a href=\"https:\/\/agora.xtec.cat\/iesdecelra\/wp-content\/uploads\/usu1789\/2021\/01\/ESSE-workshop-3.jpg\"><img loading=\"lazy\" decoding=\"async\" class=\"aligncenter wp-image-4221 size-medium\" src=\"https:\/\/agora.xtec.cat\/iesdecelra\/wp-content\/uploads\/usu1789\/2021\/01\/ESSE-workshop-3-300x241.jpg\" alt=\"\" width=\"300\" height=\"241\" srcset=\"https:\/\/agora.xtec.cat\/iesdecelra\/wp-content\/uploads\/usu1789\/2021\/01\/ESSE-workshop-3-300x241.jpg 300w, https:\/\/agora.xtec.cat\/iesdecelra\/wp-content\/uploads\/usu1789\/2021\/01\/ESSE-workshop-3-768x617.jpg 768w, https:\/\/agora.xtec.cat\/iesdecelra\/wp-content\/uploads\/usu1789\/2021\/01\/ESSE-workshop-3-1024x823.jpg 1024w\" sizes=\"auto, (max-width: 300px) 100vw, 300px\" \/><\/a><\/td>\n<\/tr>\n<\/tbody>\n<\/table>\n<p style=\"text-align: justify;\">\n","protected":false},"excerpt":{"rendered":"<p>En el marc del projecte Erasmus+ KA229 &#8220;Evaluating School Social Engagement&#8221;, els alumnes que formen part del programa europeu van poder participar, juntament amb els seus companys belgues i italians, en un workshop virtual en angl\u00e8s a c\u00e0rrec del m\u00fasic, compositor i productor Jaume Pla&hellip;  <a href=\"https:\/\/agora.xtec.cat\/iesdecelra\/actualitat\/mazoni-ens-explica-com-fer-la-lletra-duna-canco\/\" title=\"Read MAZONI ENS EXPLICA COM FER LA LLETRA D&#8217;UNA CAN\u00c7\u00d3\">Llegeix m\u00e9s\u00bb<\/a><\/p>\n","protected":false},"author":1,"featured_media":4220,"comment_status":"open","ping_status":"closed","sticky":false,"template":"","format":"standard","meta":{"_bbp_topic_count":0,"_bbp_reply_count":0,"_bbp_total_topic_count":0,"_bbp_total_reply_count":0,"_bbp_voice_count":0,"_bbp_anonymous_reply_count":0,"_bbp_topic_count_hidden":0,"_bbp_reply_count_hidden":0,"_bbp_forum_subforum_count":0,"footnotes":""},"categories":[103,156,158],"tags":[289,245],"class_list":["post-4218","post","type-post","status-publish","format-standard","has-post-thumbnail","hentry","category-actualitat","category-european-projects","category-our-inout-projects","tag-curs-2020-2021","tag-erasmus"],"post_mailing_queue_ids":[],"_links":{"self":[{"href":"https:\/\/agora.xtec.cat\/iesdecelra\/wp-json\/wp\/v2\/posts\/4218","targetHints":{"allow":["GET"]}}],"collection":[{"href":"https:\/\/agora.xtec.cat\/iesdecelra\/wp-json\/wp\/v2\/posts"}],"about":[{"href":"https:\/\/agora.xtec.cat\/iesdecelra\/wp-json\/wp\/v2\/types\/post"}],"author":[{"embeddable":true,"href":"https:\/\/agora.xtec.cat\/iesdecelra\/wp-json\/wp\/v2\/users\/1"}],"replies":[{"embeddable":true,"href":"https:\/\/agora.xtec.cat\/iesdecelra\/wp-json\/wp\/v2\/comments?post=4218"}],"version-history":[{"count":3,"href":"https:\/\/agora.xtec.cat\/iesdecelra\/wp-json\/wp\/v2\/posts\/4218\/revisions"}],"predecessor-version":[{"id":4229,"href":"https:\/\/agora.xtec.cat\/iesdecelra\/wp-json\/wp\/v2\/posts\/4218\/revisions\/4229"}],"wp:featuredmedia":[{"embeddable":true,"href":"https:\/\/agora.xtec.cat\/iesdecelra\/wp-json\/wp\/v2\/media\/4220"}],"wp:attachment":[{"href":"https:\/\/agora.xtec.cat\/iesdecelra\/wp-json\/wp\/v2\/media?parent=4218"}],"wp:term":[{"taxonomy":"category","embeddable":true,"href":"https:\/\/agora.xtec.cat\/iesdecelra\/wp-json\/wp\/v2\/categories?post=4218"},{"taxonomy":"post_tag","embeddable":true,"href":"https:\/\/agora.xtec.cat\/iesdecelra\/wp-json\/wp\/v2\/tags?post=4218"}],"curies":[{"name":"wp","href":"https:\/\/api.w.org\/{rel}","templated":true}]}}