{"id":4179,"date":"2020-12-21T09:09:45","date_gmt":"2020-12-21T08:09:45","guid":{"rendered":"http:\/\/agora.xtec.cat\/iesdecelra\/?p=4179"},"modified":"2020-12-21T09:10:41","modified_gmt":"2020-12-21T08:10:41","slug":"merry-christmas-from-erasmus-students","status":"publish","type":"post","link":"https:\/\/agora.xtec.cat\/iesdecelra\/actualitat\/merry-christmas-from-erasmus-students\/","title":{"rendered":"MERRY CHRISTMAS FROM ERASMUS+ STUDENTS!"},"content":{"rendered":"<p><a href=\"https:\/\/agora.xtec.cat\/iesdecelra\/wp-content\/uploads\/usu1789\/2020\/12\/happy-christmas-ESSE.png\"><img loading=\"lazy\" decoding=\"async\" class=\"aligncenter wp-image-4180\" src=\"https:\/\/agora.xtec.cat\/iesdecelra\/wp-content\/uploads\/usu1789\/2020\/12\/happy-christmas-ESSE.png\" alt=\"\" width=\"739\" height=\"364\" srcset=\"https:\/\/agora.xtec.cat\/iesdecelra\/wp-content\/uploads\/usu1789\/2020\/12\/happy-christmas-ESSE.png 851w, https:\/\/agora.xtec.cat\/iesdecelra\/wp-content\/uploads\/usu1789\/2020\/12\/happy-christmas-ESSE-300x148.png 300w, https:\/\/agora.xtec.cat\/iesdecelra\/wp-content\/uploads\/usu1789\/2020\/12\/happy-christmas-ESSE-768x378.png 768w\" sizes=\"auto, (max-width: 739px) 100vw, 739px\" \/><\/a><\/p>\n<p>Els alumnes Erasmus+ feliciten el Nadal despr\u00e9s de l&#8217;\u00e8xit de la primera activitat online.<\/p>\n<p style=\"text-align: justify;\">El programa Erasmus+ es reinventa durant la pand\u00e8mia. Les mobilitats han quedat ajornades per\u00f2 el projecte KA229 ESSE continua amb els companys de l&#8217;institut Go Aalst! de B\u00e8lgica i Liceo Clemente Rebora d&#8217;It\u00e0lia. El passat mes de novembre va tenir lloc la primera activitat online despr\u00e9s de reajustar el projecte per adaptar-lo als nous temps. El resultat ha estat molt ben valorat pels tres centres i reconegut per les ag\u00e8ncies nacionals respectives. Els alumnes s&#8217;han trobat online per parlar d&#8217;estrat\u00e8gies d&#8217;acci\u00f3 a partir d&#8217;ara i, en base a les seves idees, les professores responsables han acabat de reelaborar el projecte inicial. El treball en equip ha sigut l&#8217;engranatge essencial i els tres centres ja ho tenim tot a punt per continuar amb les blended activities! Let&#8217;s go with ESSE Erasmus+ (online)!<\/p>\n","protected":false},"excerpt":{"rendered":"<p><a href=\"https:\/\/agora.xtec.cat\/iesdecelra\/wp-content\/uploads\/usu1789\/2020\/12\/happy-christmas-ESSE.png\"><\/a><br \/>\nEls alumnes Erasmus+ feliciten el Nadal despr\u00e9s de l&#8217;\u00e8xit de la primera activitat online.<br \/>\nEl programa Erasmus+ es reinventa durant la pand\u00e8mia. Les mobilitats han quedat ajornades per\u00f2 el projecte KA229 ESSE continua amb els companys de l&#8217;institut Go Aalst! de B\u00e8lgica i Liceo Clemente&hellip;  <a href=\"https:\/\/agora.xtec.cat\/iesdecelra\/actualitat\/merry-christmas-from-erasmus-students\/\" title=\"Read MERRY CHRISTMAS FROM ERASMUS+ STUDENTS!\">Llegeix m\u00e9s\u00bb<\/a><\/p>\n","protected":false},"author":1,"featured_media":4180,"comment_status":"open","ping_status":"closed","sticky":false,"template":"","format":"standard","meta":{"_bbp_topic_count":0,"_bbp_reply_count":0,"_bbp_total_topic_count":0,"_bbp_total_reply_count":0,"_bbp_voice_count":0,"_bbp_anonymous_reply_count":0,"_bbp_topic_count_hidden":0,"_bbp_reply_count_hidden":0,"_bbp_forum_subforum_count":0,"footnotes":""},"categories":[103,156],"tags":[289,245],"class_list":["post-4179","post","type-post","status-publish","format-standard","has-post-thumbnail","hentry","category-actualitat","category-european-projects","tag-curs-2020-2021","tag-erasmus"],"post_mailing_queue_ids":[],"_links":{"self":[{"href":"https:\/\/agora.xtec.cat\/iesdecelra\/wp-json\/wp\/v2\/posts\/4179","targetHints":{"allow":["GET"]}}],"collection":[{"href":"https:\/\/agora.xtec.cat\/iesdecelra\/wp-json\/wp\/v2\/posts"}],"about":[{"href":"https:\/\/agora.xtec.cat\/iesdecelra\/wp-json\/wp\/v2\/types\/post"}],"author":[{"embeddable":true,"href":"https:\/\/agora.xtec.cat\/iesdecelra\/wp-json\/wp\/v2\/users\/1"}],"replies":[{"embeddable":true,"href":"https:\/\/agora.xtec.cat\/iesdecelra\/wp-json\/wp\/v2\/comments?post=4179"}],"version-history":[{"count":1,"href":"https:\/\/agora.xtec.cat\/iesdecelra\/wp-json\/wp\/v2\/posts\/4179\/revisions"}],"predecessor-version":[{"id":4181,"href":"https:\/\/agora.xtec.cat\/iesdecelra\/wp-json\/wp\/v2\/posts\/4179\/revisions\/4181"}],"wp:featuredmedia":[{"embeddable":true,"href":"https:\/\/agora.xtec.cat\/iesdecelra\/wp-json\/wp\/v2\/media\/4180"}],"wp:attachment":[{"href":"https:\/\/agora.xtec.cat\/iesdecelra\/wp-json\/wp\/v2\/media?parent=4179"}],"wp:term":[{"taxonomy":"category","embeddable":true,"href":"https:\/\/agora.xtec.cat\/iesdecelra\/wp-json\/wp\/v2\/categories?post=4179"},{"taxonomy":"post_tag","embeddable":true,"href":"https:\/\/agora.xtec.cat\/iesdecelra\/wp-json\/wp\/v2\/tags?post=4179"}],"curies":[{"name":"wp","href":"https:\/\/api.w.org\/{rel}","templated":true}]}}