{"id":4150,"date":"2020-12-23T11:29:40","date_gmt":"2020-12-23T10:29:40","guid":{"rendered":"http:\/\/agora.xtec.cat\/iesdecelra\/?p=4150"},"modified":"2021-05-04T14:28:12","modified_gmt":"2021-05-04T12:28:12","slug":"guanyadors-del-concurs-de-coets-2020","status":"publish","type":"post","link":"https:\/\/agora.xtec.cat\/iesdecelra\/cursos\/eso\/eso-1\/guanyadors-del-concurs-de-coets-2020\/","title":{"rendered":"LLIURAMENT DE PREMIS DEL CONCURS DE COETS 2020"},"content":{"rendered":"<p style=\"text-align: justify;\">Aquest any el IIn concurs de coets que vam\u00a0proposar en motiu de la setmana de la Ci\u00e8ncia ha estat un \u00e8xit gr\u00e0cies a la participaci\u00f3 del alumnes de 1r d&#8217;ESO. De totes les inscripcions que hi han haver, al final es van enlairar 13 coets amb un total de 34 participants!. De fet se&#8217;n van enlairar m\u00e9s perqu\u00e8 alguns coets es van enlairar m\u00e9s d&#8217;un cop!<\/p>\n<p style=\"text-align: justify;\">El nivell va ser molt alt, tal com deia a les bases del concurs, nom\u00e9s es podia participar amb un coet d&#8217;aigua o b\u00e9 amb un de vinagre i bicarbonat. Vam veure&#8217;n dels dos tipus i tots es van enlairar bastant, alguns alumnes van ser molt creatius en els dissenys, fins i tot van fer plataformes de llan\u00e7ament.<\/p>\n<p style=\"text-align: justify;\">Aquest dilluns es va fer l&#8217;entrega de premis. Es va donar un diploma de participaci\u00f3 a cadascun dels 34 alumnes i una bossa de llaminadures.\u00a0 I pel que fa als guanyadors, hi va haver un empat entre dos grups. Un equip el vam escollir perqu\u00e8 es notava que havien fet moltes proves, portaven rec\u00e0rregues que no van dubtar en compartir amb algun altre grup i el coet estava ben decorat i pujava molt amunt. L&#8217;altre equip guanyador tamb\u00e9 van fer un molt bon llan\u00e7ament i fins i tot van dissenyar i fer una plataforma amb una impresora 3D.<\/p>\n<div><a href=\"https:\/\/agora.xtec.cat\/iesdecelra\/wp-content\/uploads\/usu1789\/2020\/12\/guanyadors.png\"><img loading=\"lazy\" decoding=\"async\" class=\"aligncenter size-full wp-image-4209\" src=\"https:\/\/agora.xtec.cat\/iesdecelra\/wp-content\/uploads\/usu1789\/2020\/12\/guanyadors.png\" alt=\"\" width=\"782\" height=\"396\" srcset=\"https:\/\/agora.xtec.cat\/iesdecelra\/wp-content\/uploads\/usu1789\/2020\/12\/guanyadors.png 782w, https:\/\/agora.xtec.cat\/iesdecelra\/wp-content\/uploads\/usu1789\/2020\/12\/guanyadors-300x152.png 300w, https:\/\/agora.xtec.cat\/iesdecelra\/wp-content\/uploads\/usu1789\/2020\/12\/guanyadors-768x389.png 768w\" sizes=\"auto, (max-width: 782px) 100vw, 782px\" \/><\/a><\/div>\n<p style=\"text-align: justify;\">Enhorabona a tots per la bona feina, la perseveran\u00e7a i per la il\u00b7lusi\u00f3 que hi heu posat, segur que si continueu aix\u00ed podreu arribar molt lluny!<\/p>\n<p><iframe loading=\"lazy\" src=\"https:\/\/www.youtube.com\/embed\/RhiAzFEeiYc\" width=\"560\" height=\"315\" frameborder=\"0\"><\/iframe><\/p>\n","protected":false},"excerpt":{"rendered":"<p>Aquest any el IIn concurs de coets que vam\u00a0proposar en motiu de la setmana de la Ci\u00e8ncia ha estat un \u00e8xit gr\u00e0cies a la participaci\u00f3 del alumnes de 1r d&#8217;ESO. De totes les inscripcions que hi han haver, al final es van enlairar 13 coets&hellip;  <a href=\"https:\/\/agora.xtec.cat\/iesdecelra\/cursos\/eso\/eso-1\/guanyadors-del-concurs-de-coets-2020\/\" title=\"Read LLIURAMENT DE PREMIS DEL CONCURS DE COETS 2020\">Llegeix m\u00e9s\u00bb<\/a><\/p>\n","protected":false},"author":1,"featured_media":4206,"comment_status":"open","ping_status":"closed","sticky":false,"template":"","format":"standard","meta":{"_bbp_topic_count":0,"_bbp_reply_count":0,"_bbp_total_topic_count":0,"_bbp_total_reply_count":0,"_bbp_voice_count":0,"_bbp_anonymous_reply_count":0,"_bbp_topic_count_hidden":0,"_bbp_reply_count_hidden":0,"_bbp_forum_subforum_count":0,"footnotes":""},"categories":[103,218,4,299],"tags":[289,295],"class_list":["post-4150","post","type-post","status-publish","format-standard","has-post-thumbnail","hentry","category-actualitat","category-concursos-i-premis","category-eso-1","category-insteam","tag-curs-2020-2021","tag-stem"],"post_mailing_queue_ids":[],"_links":{"self":[{"href":"https:\/\/agora.xtec.cat\/iesdecelra\/wp-json\/wp\/v2\/posts\/4150","targetHints":{"allow":["GET"]}}],"collection":[{"href":"https:\/\/agora.xtec.cat\/iesdecelra\/wp-json\/wp\/v2\/posts"}],"about":[{"href":"https:\/\/agora.xtec.cat\/iesdecelra\/wp-json\/wp\/v2\/types\/post"}],"author":[{"embeddable":true,"href":"https:\/\/agora.xtec.cat\/iesdecelra\/wp-json\/wp\/v2\/users\/1"}],"replies":[{"embeddable":true,"href":"https:\/\/agora.xtec.cat\/iesdecelra\/wp-json\/wp\/v2\/comments?post=4150"}],"version-history":[{"count":4,"href":"https:\/\/agora.xtec.cat\/iesdecelra\/wp-json\/wp\/v2\/posts\/4150\/revisions"}],"predecessor-version":[{"id":4492,"href":"https:\/\/agora.xtec.cat\/iesdecelra\/wp-json\/wp\/v2\/posts\/4150\/revisions\/4492"}],"wp:featuredmedia":[{"embeddable":true,"href":"https:\/\/agora.xtec.cat\/iesdecelra\/wp-json\/wp\/v2\/media\/4206"}],"wp:attachment":[{"href":"https:\/\/agora.xtec.cat\/iesdecelra\/wp-json\/wp\/v2\/media?parent=4150"}],"wp:term":[{"taxonomy":"category","embeddable":true,"href":"https:\/\/agora.xtec.cat\/iesdecelra\/wp-json\/wp\/v2\/categories?post=4150"},{"taxonomy":"post_tag","embeddable":true,"href":"https:\/\/agora.xtec.cat\/iesdecelra\/wp-json\/wp\/v2\/tags?post=4150"}],"curies":[{"name":"wp","href":"https:\/\/api.w.org\/{rel}","templated":true}]}}