{"id":4125,"date":"2020-12-14T09:53:22","date_gmt":"2020-12-14T08:53:22","guid":{"rendered":"http:\/\/agora.xtec.cat\/iesdecelra\/?p=4125"},"modified":"2020-12-14T09:53:22","modified_gmt":"2020-12-14T08:53:22","slug":"us-elections-2020","status":"publish","type":"post","link":"https:\/\/agora.xtec.cat\/iesdecelra\/cursos\/eso\/eso-4\/us-elections-2020\/","title":{"rendered":"US ELECTIONS 2020"},"content":{"rendered":"<table class=\" aligncenter\" style=\"height: 388px;\" width=\"1249\">\n<tbody>\n<tr>\n<td style=\"width: 616px;\"><a href=\"https:\/\/agora.xtec.cat\/iesdecelra\/wp-content\/uploads\/usu1789\/2020\/12\/IMG-20201209-WA0006.jpg\"><img loading=\"lazy\" decoding=\"async\" class=\"aligncenter  wp-image-4126\" src=\"https:\/\/agora.xtec.cat\/iesdecelra\/wp-content\/uploads\/usu1789\/2020\/12\/IMG-20201209-WA0006.jpg\" alt=\"\" width=\"596\" height=\"335\" srcset=\"https:\/\/agora.xtec.cat\/iesdecelra\/wp-content\/uploads\/usu1789\/2020\/12\/IMG-20201209-WA0006.jpg 1599w, https:\/\/agora.xtec.cat\/iesdecelra\/wp-content\/uploads\/usu1789\/2020\/12\/IMG-20201209-WA0006-300x169.jpg 300w, https:\/\/agora.xtec.cat\/iesdecelra\/wp-content\/uploads\/usu1789\/2020\/12\/IMG-20201209-WA0006-768x432.jpg 768w, https:\/\/agora.xtec.cat\/iesdecelra\/wp-content\/uploads\/usu1789\/2020\/12\/IMG-20201209-WA0006-1024x576.jpg 1024w\" sizes=\"auto, (max-width: 596px) 100vw, 596px\" \/><\/a><\/td>\n<td style=\"width: 620px;\"><a href=\"https:\/\/agora.xtec.cat\/iesdecelra\/wp-content\/uploads\/usu1789\/2020\/12\/IMG-20201209-WA0007.jpg\"><img loading=\"lazy\" decoding=\"async\" class=\"aligncenter  wp-image-4127\" src=\"https:\/\/agora.xtec.cat\/iesdecelra\/wp-content\/uploads\/usu1789\/2020\/12\/IMG-20201209-WA0007.jpg\" alt=\"\" width=\"600\" height=\"337\" srcset=\"https:\/\/agora.xtec.cat\/iesdecelra\/wp-content\/uploads\/usu1789\/2020\/12\/IMG-20201209-WA0007.jpg 1599w, https:\/\/agora.xtec.cat\/iesdecelra\/wp-content\/uploads\/usu1789\/2020\/12\/IMG-20201209-WA0007-300x169.jpg 300w, https:\/\/agora.xtec.cat\/iesdecelra\/wp-content\/uploads\/usu1789\/2020\/12\/IMG-20201209-WA0007-768x432.jpg 768w, https:\/\/agora.xtec.cat\/iesdecelra\/wp-content\/uploads\/usu1789\/2020\/12\/IMG-20201209-WA0007-1024x576.jpg 1024w\" sizes=\"auto, (max-width: 600px) 100vw, 600px\" \/><\/a><\/td>\n<\/tr>\n<\/tbody>\n<\/table>\n<p>Durant les \u00faltimes setmanes, els alumnes de 4t d\u2019ESO d\u2019ampliaci\u00f3 d\u2019angl\u00e8s hem estat fent un projecte al voltant de les eleccions als Estats Units del passat dia 3 de novembre des de diferents vessants. La classe s\u2019ha dividit en sis grups de treball i hem fet recerca d&#8217;informaci\u00f3 sobre els dos candidats a la presid\u00e8ncia: l\u2019actual president, Donald Trump i l\u2019ex vicepresident dem\u00f2crata Joe Biden. Tamb\u00e9 ens hem informat sobre els dos partits que es disputaven la presid\u00e8ncia i sobre els resultats obtinguts. Un \u00faltim grup ha buscat informaci\u00f3 sobre les mesures preventives de la Covid-19 durant el proc\u00e9s electoral nord-americ\u00e0. Tots aquests mini-projectes han estat plasmats en format de p\u00f2ster i els podeu trobar a la paret del passad\u00eds de Batxillerat davant de l\u2019aula polivalent fins a final d\u2019any. Esperem que en gaudiu!<\/p>\n","protected":false},"excerpt":{"rendered":"<p><a href=\"https:\/\/agora.xtec.cat\/iesdecelra\/wp-content\/uploads\/usu1789\/2020\/12\/IMG-20201209-WA0006.jpg\"><\/a><br \/>\n<a href=\"https:\/\/agora.xtec.cat\/iesdecelra\/wp-content\/uploads\/usu1789\/2020\/12\/IMG-20201209-WA0007.jpg\"><\/a><\/p>\n<p>Durant les \u00faltimes setmanes, els alumnes de 4t d\u2019ESO d\u2019ampliaci\u00f3 d\u2019angl\u00e8s hem estat fent un projecte al voltant de les eleccions als Estats Units del passat dia 3 de novembre des de diferents vessants. La classe s\u2019ha dividit en sis grups de treball&hellip;  <a href=\"https:\/\/agora.xtec.cat\/iesdecelra\/cursos\/eso\/eso-4\/us-elections-2020\/\" title=\"Read US ELECTIONS 2020\">Llegeix m\u00e9s\u00bb<\/a><\/p>\n","protected":false},"author":1,"featured_media":4126,"comment_status":"open","ping_status":"closed","sticky":false,"template":"","format":"standard","meta":{"_bbp_topic_count":0,"_bbp_reply_count":0,"_bbp_total_topic_count":0,"_bbp_total_reply_count":0,"_bbp_voice_count":0,"_bbp_anonymous_reply_count":0,"_bbp_topic_count_hidden":0,"_bbp_reply_count_hidden":0,"_bbp_forum_subforum_count":0,"footnotes":""},"categories":[103,7],"tags":[289,293],"class_list":["post-4125","post","type-post","status-publish","format-standard","has-post-thumbnail","hentry","category-actualitat","category-eso-4","tag-curs-2020-2021","tag-departament-de-llengues-estrangeres"],"post_mailing_queue_ids":[],"_links":{"self":[{"href":"https:\/\/agora.xtec.cat\/iesdecelra\/wp-json\/wp\/v2\/posts\/4125","targetHints":{"allow":["GET"]}}],"collection":[{"href":"https:\/\/agora.xtec.cat\/iesdecelra\/wp-json\/wp\/v2\/posts"}],"about":[{"href":"https:\/\/agora.xtec.cat\/iesdecelra\/wp-json\/wp\/v2\/types\/post"}],"author":[{"embeddable":true,"href":"https:\/\/agora.xtec.cat\/iesdecelra\/wp-json\/wp\/v2\/users\/1"}],"replies":[{"embeddable":true,"href":"https:\/\/agora.xtec.cat\/iesdecelra\/wp-json\/wp\/v2\/comments?post=4125"}],"version-history":[{"count":1,"href":"https:\/\/agora.xtec.cat\/iesdecelra\/wp-json\/wp\/v2\/posts\/4125\/revisions"}],"predecessor-version":[{"id":4128,"href":"https:\/\/agora.xtec.cat\/iesdecelra\/wp-json\/wp\/v2\/posts\/4125\/revisions\/4128"}],"wp:featuredmedia":[{"embeddable":true,"href":"https:\/\/agora.xtec.cat\/iesdecelra\/wp-json\/wp\/v2\/media\/4126"}],"wp:attachment":[{"href":"https:\/\/agora.xtec.cat\/iesdecelra\/wp-json\/wp\/v2\/media?parent=4125"}],"wp:term":[{"taxonomy":"category","embeddable":true,"href":"https:\/\/agora.xtec.cat\/iesdecelra\/wp-json\/wp\/v2\/categories?post=4125"},{"taxonomy":"post_tag","embeddable":true,"href":"https:\/\/agora.xtec.cat\/iesdecelra\/wp-json\/wp\/v2\/tags?post=4125"}],"curies":[{"name":"wp","href":"https:\/\/api.w.org\/{rel}","templated":true}]}}