{"id":4122,"date":"2020-12-14T09:48:29","date_gmt":"2020-12-14T08:48:29","guid":{"rendered":"http:\/\/agora.xtec.cat\/iesdecelra\/?p=4122"},"modified":"2020-12-14T09:49:01","modified_gmt":"2020-12-14T08:49:01","slug":"14-de-desembre-de-2020","status":"publish","type":"post","link":"https:\/\/agora.xtec.cat\/iesdecelra\/general\/musica-de-la-setmana\/14-de-desembre-de-2020\/","title":{"rendered":"14 de desembre de 2020"},"content":{"rendered":"<p><iframe loading=\"lazy\" title=\"Les dotze van tocant | KARAOKE INSTRUMENTAL | Nadala infantil catalana\" width=\"500\" height=\"281\" src=\"https:\/\/www.youtube.com\/embed\/b6Vc5CHFlUQ?list=PL1t-0dM9zGA6SVTjcyUsWIGAI4mDKn4JS\" frameborder=\"0\" allow=\"accelerometer; autoplay; clipboard-write; encrypted-media; gyroscope; picture-in-picture; web-share\" referrerpolicy=\"strict-origin-when-cross-origin\" allowfullscreen><\/iframe><\/p>\n<p>Aquesta setmana ens posem nadalencs i nadalenques: sonar\u00e0 <em>Les 12 van tocant<\/em> en una versi\u00f3 instrumental de karaoke (qui se la s\u00e0piga, pot anar-la cantant!).<\/p>\n","protected":false},"excerpt":{"rendered":"<p>Aquesta setmana ens posem nadalencs i nadalenques: sonar\u00e0 Les 12 van tocant en una versi\u00f3 instrumental de karaoke (qui se la s\u00e0piga, pot anar-la cantant!).<\/p>\n","protected":false},"author":1,"featured_media":4123,"comment_status":"open","ping_status":"closed","sticky":false,"template":"","format":"standard","meta":{"_bbp_topic_count":0,"_bbp_reply_count":0,"_bbp_total_topic_count":0,"_bbp_total_reply_count":0,"_bbp_voice_count":0,"_bbp_anonymous_reply_count":0,"_bbp_topic_count_hidden":0,"_bbp_reply_count_hidden":0,"_bbp_forum_subforum_count":0,"footnotes":""},"categories":[122],"tags":[289,123],"class_list":["post-4122","post","type-post","status-publish","format-standard","has-post-thumbnail","hentry","category-musica-de-la-setmana","tag-curs-2020-2021","tag-musica-de-la-setmana"],"post_mailing_queue_ids":[],"_links":{"self":[{"href":"https:\/\/agora.xtec.cat\/iesdecelra\/wp-json\/wp\/v2\/posts\/4122","targetHints":{"allow":["GET"]}}],"collection":[{"href":"https:\/\/agora.xtec.cat\/iesdecelra\/wp-json\/wp\/v2\/posts"}],"about":[{"href":"https:\/\/agora.xtec.cat\/iesdecelra\/wp-json\/wp\/v2\/types\/post"}],"author":[{"embeddable":true,"href":"https:\/\/agora.xtec.cat\/iesdecelra\/wp-json\/wp\/v2\/users\/1"}],"replies":[{"embeddable":true,"href":"https:\/\/agora.xtec.cat\/iesdecelra\/wp-json\/wp\/v2\/comments?post=4122"}],"version-history":[{"count":1,"href":"https:\/\/agora.xtec.cat\/iesdecelra\/wp-json\/wp\/v2\/posts\/4122\/revisions"}],"predecessor-version":[{"id":4124,"href":"https:\/\/agora.xtec.cat\/iesdecelra\/wp-json\/wp\/v2\/posts\/4122\/revisions\/4124"}],"wp:featuredmedia":[{"embeddable":true,"href":"https:\/\/agora.xtec.cat\/iesdecelra\/wp-json\/wp\/v2\/media\/4123"}],"wp:attachment":[{"href":"https:\/\/agora.xtec.cat\/iesdecelra\/wp-json\/wp\/v2\/media?parent=4122"}],"wp:term":[{"taxonomy":"category","embeddable":true,"href":"https:\/\/agora.xtec.cat\/iesdecelra\/wp-json\/wp\/v2\/categories?post=4122"},{"taxonomy":"post_tag","embeddable":true,"href":"https:\/\/agora.xtec.cat\/iesdecelra\/wp-json\/wp\/v2\/tags?post=4122"}],"curies":[{"name":"wp","href":"https:\/\/api.w.org\/{rel}","templated":true}]}}