{"id":4039,"date":"2020-11-09T08:51:56","date_gmt":"2020-11-09T07:51:56","guid":{"rendered":"http:\/\/agora.xtec.cat\/iesdecelra\/?p=4039"},"modified":"2020-11-09T08:51:56","modified_gmt":"2020-11-09T07:51:56","slug":"9-de-novembre-de-2020","status":"publish","type":"post","link":"https:\/\/agora.xtec.cat\/iesdecelra\/cursos\/eso\/eso-3\/9-de-novembre-de-2020\/","title":{"rendered":"9 de novembre de 2020"},"content":{"rendered":"<p><iframe loading=\"lazy\" title=\"Master KG - Jerusalema  [Feat. Nomcebo] (Official Music Video)\" width=\"500\" height=\"281\" src=\"https:\/\/www.youtube.com\/embed\/fCZVL_8D048?feature=oembed\" frameborder=\"0\" allow=\"accelerometer; autoplay; clipboard-write; encrypted-media; gyroscope; picture-in-picture; web-share\" referrerpolicy=\"strict-origin-when-cross-origin\" allowfullscreen><\/iframe><\/p>\n<p>Aquesta setmana sonar\u00e0 <em>Jerusalema<\/em>, de Master KG ft Nomcebo, petici\u00f3 de l&#8217;alumnat de teatre de 3r i 4t. Atenci\u00f3 perqu\u00e8, venint dels m\u00e9s comediants de l&#8217;institut, hi pot haver alguna sorpresa&#8230; Estigueu atents!<\/p>\n","protected":false},"excerpt":{"rendered":"<p>Aquesta setmana sonar\u00e0 Jerusalema, de Master KG ft Nomcebo, petici\u00f3 de l&#8217;alumnat de teatre de 3r i 4t. Atenci\u00f3 perqu\u00e8, venint dels m\u00e9s comediants de l&#8217;institut, hi pot haver alguna sorpresa&#8230; Estigueu atents!<\/p>\n","protected":false},"author":1,"featured_media":0,"comment_status":"open","ping_status":"closed","sticky":false,"template":"","format":"standard","meta":{"_bbp_topic_count":0,"_bbp_reply_count":0,"_bbp_total_topic_count":0,"_bbp_total_reply_count":0,"_bbp_voice_count":0,"_bbp_anonymous_reply_count":0,"_bbp_topic_count_hidden":0,"_bbp_reply_count_hidden":0,"_bbp_forum_subforum_count":0,"footnotes":""},"categories":[6,7,122],"tags":[289,123],"class_list":["post-4039","post","type-post","status-publish","format-standard","hentry","category-eso-3","category-eso-4","category-musica-de-la-setmana","tag-curs-2020-2021","tag-musica-de-la-setmana"],"post_mailing_queue_ids":[],"_links":{"self":[{"href":"https:\/\/agora.xtec.cat\/iesdecelra\/wp-json\/wp\/v2\/posts\/4039","targetHints":{"allow":["GET"]}}],"collection":[{"href":"https:\/\/agora.xtec.cat\/iesdecelra\/wp-json\/wp\/v2\/posts"}],"about":[{"href":"https:\/\/agora.xtec.cat\/iesdecelra\/wp-json\/wp\/v2\/types\/post"}],"author":[{"embeddable":true,"href":"https:\/\/agora.xtec.cat\/iesdecelra\/wp-json\/wp\/v2\/users\/1"}],"replies":[{"embeddable":true,"href":"https:\/\/agora.xtec.cat\/iesdecelra\/wp-json\/wp\/v2\/comments?post=4039"}],"version-history":[{"count":1,"href":"https:\/\/agora.xtec.cat\/iesdecelra\/wp-json\/wp\/v2\/posts\/4039\/revisions"}],"predecessor-version":[{"id":4040,"href":"https:\/\/agora.xtec.cat\/iesdecelra\/wp-json\/wp\/v2\/posts\/4039\/revisions\/4040"}],"wp:attachment":[{"href":"https:\/\/agora.xtec.cat\/iesdecelra\/wp-json\/wp\/v2\/media?parent=4039"}],"wp:term":[{"taxonomy":"category","embeddable":true,"href":"https:\/\/agora.xtec.cat\/iesdecelra\/wp-json\/wp\/v2\/categories?post=4039"},{"taxonomy":"post_tag","embeddable":true,"href":"https:\/\/agora.xtec.cat\/iesdecelra\/wp-json\/wp\/v2\/tags?post=4039"}],"curies":[{"name":"wp","href":"https:\/\/api.w.org\/{rel}","templated":true}]}}