{"id":3979,"date":"2020-10-26T11:54:19","date_gmt":"2020-10-26T10:54:19","guid":{"rendered":"http:\/\/agora.xtec.cat\/iesdecelra\/?p=3979"},"modified":"2020-10-26T12:22:00","modified_gmt":"2020-10-26T11:22:00","slug":"avaluacio-positiva-en-la-clausura-dels-erasmusdays","status":"publish","type":"post","link":"https:\/\/agora.xtec.cat\/iesdecelra\/actualitat\/avaluacio-positiva-en-la-clausura-dels-erasmusdays\/","title":{"rendered":"AVALUACI\u00d3 POSITIVA EN LA CLAUSURA DELS ERASMUSDAYS"},"content":{"rendered":"<p><span style=\"font-weight: 400;\">Compartim un <a href=\"https:\/\/drive.google.com\/drive\/folders\/1zxsbEvtfK4eQbFo5WPwBKdvs3fXJvXmj?usp=sharing\">recull d\u2019imatges<\/a> de la celebraci\u00f3 dels ErasmusDays a l\u2019Institut de Celr\u00e0 amb el compliment dels objectius marcats:<\/span><\/p>\n<p><span style=\"font-weight: 400;\">A l\u2019etapa d\u2019ESO:<\/span><\/p>\n<p><span style=\"font-weight: 400;\">&#8211; Donar a con\u00e8ixer els programes Erasmus+ de l\u2019Institut a trav\u00e9s d\u2019un joc interactiu al pati amb la participaci\u00f3 dels alumnes.<\/span><\/p>\n<p><span style=\"font-weight: 400;\">&#8211; Crear una primera comissi\u00f3 d\u2019alumnes Erasmus+, seleccionats entre els guanyadors del joc amb alumnes de primer i segon cicle d\u2019ESO que participaran de manera activa en els projectes europeus del centre, tamb\u00e9 en la organitzaci\u00f3 i en la difusi\u00f3 dels mateixos en els seus respectius nivells.<\/span><\/p>\n<p><span style=\"font-weight: 400;\">Al centre:<\/span><\/p>\n<p><span style=\"font-weight: 400;\">&#8211; Fer donaci\u00f3 al centre de 4 agafadors de bra\u00e7os per recollida selectiva, en la l\u00ednia d&#8217;un dels objectius del programa ESSE Erasmus+ (Evaluating School Social Engagement) que pret\u00e9n potenciar el servei comunitari en els alumnes de l\u2019Institut de Celr\u00e0.<\/span><\/p>\n<p><span style=\"font-weight: 400;\">A l\u2019etapa de Batxillerat i a l\u2019optativa de Projectes Europeus (3rESO):<\/span><\/p>\n<p><span style=\"font-weight: 400;\">&#8211; Donar a con\u00e8ixer les possibilitats acad\u00e8miques i laborals que ofereix la UE als joves a trav\u00e9s d\u2019un taller organitzat per Europe Direct Girona de la Universitat de Girona (UdG) a c\u00e0rrec de Joaquim Mill\u00e1n, director de l\u2019empresa Eurolocal, especialista i assessora en temes europeus.\u00a0<\/span><\/p>\n<p><span style=\"font-weight: 400;\">Gr\u00e0cies per la vostra col\u00b7laboraci\u00f3!\u00a0<\/span><\/p>\n","protected":false},"excerpt":{"rendered":"<p>Compartim un <a href=\"https:\/\/drive.google.com\/drive\/folders\/1zxsbEvtfK4eQbFo5WPwBKdvs3fXJvXmj?usp=sharing\">recull d\u2019imatges<\/a> de la celebraci\u00f3 dels ErasmusDays a l\u2019Institut de Celr\u00e0 amb el compliment dels objectius marcats:<br \/>\nA l\u2019etapa d\u2019ESO:<br \/>\n&#8211; Donar a con\u00e8ixer els programes Erasmus+ de l\u2019Institut a trav\u00e9s d\u2019un joc interactiu al pati amb la participaci\u00f3 dels alumnes.<br \/>\n&#8211; Crear una primera&hellip;  <a href=\"https:\/\/agora.xtec.cat\/iesdecelra\/actualitat\/avaluacio-positiva-en-la-clausura-dels-erasmusdays\/\" title=\"Read AVALUACI\u00d3 POSITIVA EN LA CLAUSURA DELS ERASMUSDAYS\">Llegeix m\u00e9s\u00bb<\/a><\/p>\n","protected":false},"author":1,"featured_media":3927,"comment_status":"open","ping_status":"closed","sticky":false,"template":"","format":"standard","meta":{"_bbp_topic_count":0,"_bbp_reply_count":0,"_bbp_total_topic_count":0,"_bbp_total_reply_count":0,"_bbp_voice_count":0,"_bbp_anonymous_reply_count":0,"_bbp_topic_count_hidden":0,"_bbp_reply_count_hidden":0,"_bbp_forum_subforum_count":0,"footnotes":""},"categories":[103],"tags":[289,245],"class_list":["post-3979","post","type-post","status-publish","format-standard","has-post-thumbnail","hentry","category-actualitat","tag-curs-2020-2021","tag-erasmus"],"post_mailing_queue_ids":[],"_links":{"self":[{"href":"https:\/\/agora.xtec.cat\/iesdecelra\/wp-json\/wp\/v2\/posts\/3979","targetHints":{"allow":["GET"]}}],"collection":[{"href":"https:\/\/agora.xtec.cat\/iesdecelra\/wp-json\/wp\/v2\/posts"}],"about":[{"href":"https:\/\/agora.xtec.cat\/iesdecelra\/wp-json\/wp\/v2\/types\/post"}],"author":[{"embeddable":true,"href":"https:\/\/agora.xtec.cat\/iesdecelra\/wp-json\/wp\/v2\/users\/1"}],"replies":[{"embeddable":true,"href":"https:\/\/agora.xtec.cat\/iesdecelra\/wp-json\/wp\/v2\/comments?post=3979"}],"version-history":[{"count":1,"href":"https:\/\/agora.xtec.cat\/iesdecelra\/wp-json\/wp\/v2\/posts\/3979\/revisions"}],"predecessor-version":[{"id":3980,"href":"https:\/\/agora.xtec.cat\/iesdecelra\/wp-json\/wp\/v2\/posts\/3979\/revisions\/3980"}],"wp:featuredmedia":[{"embeddable":true,"href":"https:\/\/agora.xtec.cat\/iesdecelra\/wp-json\/wp\/v2\/media\/3927"}],"wp:attachment":[{"href":"https:\/\/agora.xtec.cat\/iesdecelra\/wp-json\/wp\/v2\/media?parent=3979"}],"wp:term":[{"taxonomy":"category","embeddable":true,"href":"https:\/\/agora.xtec.cat\/iesdecelra\/wp-json\/wp\/v2\/categories?post=3979"},{"taxonomy":"post_tag","embeddable":true,"href":"https:\/\/agora.xtec.cat\/iesdecelra\/wp-json\/wp\/v2\/tags?post=3979"}],"curies":[{"name":"wp","href":"https:\/\/api.w.org\/{rel}","templated":true}]}}