{"id":3952,"date":"2020-10-19T09:52:09","date_gmt":"2020-10-19T07:52:09","guid":{"rendered":"http:\/\/agora.xtec.cat\/iesdecelra\/?p=3952"},"modified":"2020-10-19T09:52:09","modified_gmt":"2020-10-19T07:52:09","slug":"19-doctubre-de-2020","status":"publish","type":"post","link":"https:\/\/agora.xtec.cat\/iesdecelra\/general\/musica-de-la-setmana\/19-doctubre-de-2020\/","title":{"rendered":"19 d&#8217;octubre de 2020"},"content":{"rendered":"<p><iframe loading=\"lazy\" title=\"Qu\u00e9 es, qu\u00e9 es?  Mar\u00eda Betania\" width=\"500\" height=\"375\" src=\"https:\/\/www.youtube.com\/embed\/ufdx8PKqwkQ?feature=oembed\" frameborder=\"0\" allow=\"accelerometer; autoplay; clipboard-write; encrypted-media; gyroscope; picture-in-picture; web-share\" referrerpolicy=\"strict-origin-when-cross-origin\" allowfullscreen><\/iframe><\/p>\n<p>Aquest dilluns 19 d&#8217;octubre fa un any que ens va deixar el nostre company i professor, Josep Ma. Uy\u00e0. \u00c9s per aix\u00f2 que sonar\u00e0 el tema <em>Qu\u00e9 es, qu\u00e9 es?<\/em> de Maria Bethania, una can\u00e7\u00f3 que li agradava molt i que tamb\u00e9 va sonar ara fa un any en homenatge a ell.<\/p>\n","protected":false},"excerpt":{"rendered":"<p>Aquest dilluns 19 d&#8217;octubre fa un any que ens va deixar el nostre company i professor, Josep Ma. Uy\u00e0. \u00c9s per aix\u00f2 que sonar\u00e0 el tema Qu\u00e9 es, qu\u00e9 es? de Maria Bethania, una can\u00e7\u00f3 que li agradava molt i que tamb\u00e9 va sonar ara&hellip;  <a href=\"https:\/\/agora.xtec.cat\/iesdecelra\/general\/musica-de-la-setmana\/19-doctubre-de-2020\/\" title=\"Read 19 d&#8217;octubre de 2020\">Llegeix m\u00e9s\u00bb<\/a><\/p>\n","protected":false},"author":1,"featured_media":3953,"comment_status":"open","ping_status":"closed","sticky":false,"template":"","format":"standard","meta":{"_bbp_topic_count":0,"_bbp_reply_count":0,"_bbp_total_topic_count":0,"_bbp_total_reply_count":0,"_bbp_voice_count":0,"_bbp_anonymous_reply_count":0,"_bbp_topic_count_hidden":0,"_bbp_reply_count_hidden":0,"_bbp_forum_subforum_count":0,"footnotes":""},"categories":[122],"tags":[289,123],"class_list":["post-3952","post","type-post","status-publish","format-standard","has-post-thumbnail","hentry","category-musica-de-la-setmana","tag-curs-2020-2021","tag-musica-de-la-setmana"],"post_mailing_queue_ids":[],"_links":{"self":[{"href":"https:\/\/agora.xtec.cat\/iesdecelra\/wp-json\/wp\/v2\/posts\/3952","targetHints":{"allow":["GET"]}}],"collection":[{"href":"https:\/\/agora.xtec.cat\/iesdecelra\/wp-json\/wp\/v2\/posts"}],"about":[{"href":"https:\/\/agora.xtec.cat\/iesdecelra\/wp-json\/wp\/v2\/types\/post"}],"author":[{"embeddable":true,"href":"https:\/\/agora.xtec.cat\/iesdecelra\/wp-json\/wp\/v2\/users\/1"}],"replies":[{"embeddable":true,"href":"https:\/\/agora.xtec.cat\/iesdecelra\/wp-json\/wp\/v2\/comments?post=3952"}],"version-history":[{"count":1,"href":"https:\/\/agora.xtec.cat\/iesdecelra\/wp-json\/wp\/v2\/posts\/3952\/revisions"}],"predecessor-version":[{"id":3954,"href":"https:\/\/agora.xtec.cat\/iesdecelra\/wp-json\/wp\/v2\/posts\/3952\/revisions\/3954"}],"wp:featuredmedia":[{"embeddable":true,"href":"https:\/\/agora.xtec.cat\/iesdecelra\/wp-json\/wp\/v2\/media\/3953"}],"wp:attachment":[{"href":"https:\/\/agora.xtec.cat\/iesdecelra\/wp-json\/wp\/v2\/media?parent=3952"}],"wp:term":[{"taxonomy":"category","embeddable":true,"href":"https:\/\/agora.xtec.cat\/iesdecelra\/wp-json\/wp\/v2\/categories?post=3952"},{"taxonomy":"post_tag","embeddable":true,"href":"https:\/\/agora.xtec.cat\/iesdecelra\/wp-json\/wp\/v2\/tags?post=3952"}],"curies":[{"name":"wp","href":"https:\/\/api.w.org\/{rel}","templated":true}]}}